{"id":9985,"date":"2024-05-24T11:53:50","date_gmt":"2024-05-24T15:53:50","guid":{"rendered":"https:\/\/minaguas.gob.ve\/?p=9985"},"modified":"2024-05-24T11:53:50","modified_gmt":"2024-05-24T15:53:50","slug":"hidrocapital-reparo-averia-en-tuberia-de-16-pulgadas-del-eje-guarenas-guatire","status":"publish","type":"post","link":"https:\/\/minaguas.gob.ve\/?p=9985","title":{"rendered":"Hidrocapital repar\u00f3 aver\u00eda en tuber\u00eda de 16 pulgadas del eje Guarenas-Guatire"},"content":{"rendered":"\n<p><em>La reparaci\u00f3n de la aducci\u00f3n en el municipio Ambrosio Plaza garantiza el servicio de agua a m\u00e1s de 31 mil habitantes<\/em><\/p>\n\n\n\n<figure class=\"wp-block-gallery has-nested-images columns-default is-cropped wp-block-gallery-1 is-layout-flex wp-block-gallery-is-layout-flex\">\n<figure class=\"wp-block-image size-large\"><img loading=\"lazy\" decoding=\"async\" width=\"2560\" height=\"1927\" data-id=\"9995\" src=\"https:\/\/minaguas.gob.ve\/wp-content\/uploads\/2024\/05\/f1b69e05-75fb-4b49-9689-cb2bc8623868.jpg\" alt=\"\" class=\"wp-image-9995\" \/><\/figure>\n\n\n\n<figure class=\"wp-block-image size-large\"><img loading=\"lazy\" decoding=\"async\" width=\"2560\" height=\"1927\" data-id=\"9996\" src=\"https:\/\/minaguas.gob.ve\/wp-content\/uploads\/2024\/05\/3b3af210-5a09-49ee-ba8c-104a4e589e4a.jpg\" alt=\"\" class=\"wp-image-9996\" \/><\/figure>\n<\/figure>\n\n\n\n<p><strong>(Prensa MinAguas \/ Hidrocapital 24-05-2024).- <\/strong>El equipo de trabajo de Hidrocapital repar\u00f3 una aver\u00eda en una tuber\u00eda de 16 pulgadas en el sector La Guairita, de la intercomunal Guarenas-Guatire, estado Miranda, lo que permiti\u00f3 restablecer el servicio de agua potable a una poblaci\u00f3n de aproximadamente 31 mil habitantes.<\/p>\n\n\n\n<p>La intervenci\u00f3n por Hidrocapital incluy\u00f3 la instalaci\u00f3n de una faja mec\u00e1nica para solucionar esta aver\u00eda y as\u00ed recuperar 10 litros de agua por segundo para la red de distribuci\u00f3n de este sector.<\/p>\n\n\n\n<p>Este esfuerzo forma parte de las labores continuas que lleva a cabo Hidrocapital para mejorar el servicio en el estado Miranda.<\/p>\n\n\n\n<p>Cumpliendo las instrucciones del presidente Nicol\u00e1s Maduro, trabajadoras y trabajadores se mantienen desplegados por el bienestar del pueblo.<\/p>\n\n\n\n<p><\/p>\n\n\n\n<figure class=\"wp-block-gallery has-nested-images columns-default is-cropped wp-block-gallery-2 is-layout-flex wp-block-gallery-is-layout-flex\">\n<figure class=\"wp-block-image size-large\"><img loading=\"lazy\" decoding=\"async\" width=\"2560\" height=\"1920\" data-id=\"9997\" src=\"https:\/\/minaguas.gob.ve\/wp-content\/uploads\/2024\/05\/124542e0-cc6c-4fa0-9da8-ad978d93fe79.jpg\" alt=\"\" class=\"wp-image-9997\" \/><\/figure>\n\n\n\n<figure class=\"wp-block-image size-large\"><img loading=\"lazy\" decoding=\"async\" width=\"2560\" height=\"1927\" data-id=\"9998\" src=\"https:\/\/minaguas.gob.ve\/wp-content\/uploads\/2024\/05\/cd6acee5-3506-45e4-93f3-415022609775.jpg\" alt=\"\" class=\"wp-image-9998\" \/><\/figure>\n<\/figure>\n","protected":false},"excerpt":{"rendered":"<p>La reparaci\u00f3n de la aducci\u00f3n en el municipio Ambrosio Plaza garantiza el servicio de agua a m\u00e1s de 31 mil habitantes (Prensa MinAguas \/ Hidrocapital 24-05-2024).- El equipo de trabajo de Hidrocapital repar\u00f3 una aver\u00eda en una tuber\u00eda de 16 pulgadas en el sector La Guairita, de la intercomunal Guarenas-Guatire, estado Miranda, lo que permiti\u00f3 [&hellip;]<\/p>\n","protected":false},"author":28,"featured_media":9996,"comment_status":"open","ping_status":"open","sticky":false,"template":"","format":"standard","meta":{"footnotes":""},"categories":[1],"tags":[42,77,36,8,24,45],"class_list":["post-9985","post","type-post","status-publish","format-standard","has-post-thumbnail","hentry","category-noticias","tag-agua-potable","tag-aguas-servidas","tag-hidrocapital","tag-nacionales","tag-pueblo-trabajador-del-agua","tag-regionales"],"_links":{"self":[{"href":"https:\/\/minaguas.gob.ve\/index.php?rest_route=\/wp\/v2\/posts\/9985","targetHints":{"allow":["GET"]}}],"collection":[{"href":"https:\/\/minaguas.gob.ve\/index.php?rest_route=\/wp\/v2\/posts"}],"about":[{"href":"https:\/\/minaguas.gob.ve\/index.php?rest_route=\/wp\/v2\/types\/post"}],"author":[{"embeddable":true,"href":"https:\/\/minaguas.gob.ve\/index.php?rest_route=\/wp\/v2\/users\/28"}],"replies":[{"embeddable":true,"href":"https:\/\/minaguas.gob.ve\/index.php?rest_route=%2Fwp%2Fv2%2Fcomments&post=9985"}],"version-history":[{"count":0,"href":"https:\/\/minaguas.gob.ve\/index.php?rest_route=\/wp\/v2\/posts\/9985\/revisions"}],"wp:featuredmedia":[{"embeddable":true,"href":"https:\/\/minaguas.gob.ve\/index.php?rest_route=\/wp\/v2\/media\/9996"}],"wp:attachment":[{"href":"https:\/\/minaguas.gob.ve\/index.php?rest_route=%2Fwp%2Fv2%2Fmedia&parent=9985"}],"wp:term":[{"taxonomy":"category","embeddable":true,"href":"https:\/\/minaguas.gob.ve\/index.php?rest_route=%2Fwp%2Fv2%2Fcategories&post=9985"},{"taxonomy":"post_tag","embeddable":true,"href":"https:\/\/minaguas.gob.ve\/index.php?rest_route=%2Fwp%2Fv2%2Ftags&post=9985"}],"curies":[{"name":"wp","href":"https:\/\/api.w.org\/{rel}","templated":true}]}}