{"id":9903,"date":"2024-05-22T18:17:13","date_gmt":"2024-05-22T22:17:13","guid":{"rendered":"https:\/\/minaguas.gob.ve\/?p=9903"},"modified":"2024-05-22T18:17:13","modified_gmt":"2024-05-22T22:17:13","slug":"aguas-de-yaracuy-culmino-sustitucion-de-582-metros-lineales-de-colector-de-aguas-servidas","status":"publish","type":"post","link":"https:\/\/minaguas.gob.ve\/?p=9903","title":{"rendered":"Aguas\u00a0de\u00a0Yaracuy\u00a0culmin\u00f3 sustituci\u00f3n\u00a0de\u00a0582 metros lineales de colector\u00a0de\u00a0aguas servidas"},"content":{"rendered":"\n<p>El 1&#215;10 del Buen Gobierno brinda atenci\u00f3n\u00a0inmediata en\u00a0materia\u00a0de\u00a0agua\u00a0potable y saneamiento al Pueblo yaracuyano.\u00a0<\/p>\n\n\n<div class=\"wp-block-image\">\n<figure class=\"aligncenter size-full\"><img loading=\"lazy\" decoding=\"async\" width=\"1020\" height=\"768\" src=\"https:\/\/minaguas.gob.ve\/wp-content\/uploads\/2024\/05\/1716219473824.jpg\" alt=\"\" class=\"wp-image-9906\" \/><\/figure>\n<\/div>\n\n\n<p><strong>(Prensa Aguas\u00a0de\u00a0Yaracuy).-<\/strong>\u00a0\u00a0M\u00e1s\u00a0de\u00a0mil 500 familias\u00a0de\u00a0los sectores La Ca\u00f1ada, El Cantil, Pueblo Nuevo y El Paraparo del municipio Nirgua, son atendidos\u00a0con\u00a0la sustituci\u00f3n\u00a0de\u00a0582 metros lineales\u00a0de\u00a0tuber\u00eda\u00a0de\u00a012 pulgadas\u00a0de\u00a0colectores\u00a0de\u00a0aguas servidas, as\u00ed como la construcci\u00f3n\u00a0de\u00a053 empotramientos domiciliarios\u00a0de\u00a0seis pulgadas.<\/p>\n\n\n\n<p>Los trabajos fueron coordinados por un equipo t\u00e9cnico y operativo del Acueducto Metropolitano, la alcald\u00eda del mencionado municipio y la participaci\u00f3n activa\u00a0del Poder Popular organizado del sector, quienes colaboraron\u00a0con\u00a0el resguardo del material utilizado\u00a0en\u00a0las labores que permitir\u00e1n atender a cuatro sectores\u00a0de\u00a0estas populosas zonas\u00a0esta jurisdicci\u00f3n.<\/p>\n\n\n\n<p>Al respecto, el presidente del la hidrol\u00f3gica Aguas\u00a0de\u00a0Yaracuy, Juan Vel\u00e1squez, inform\u00f3 que\u00a0la Fuerza Trabajadora realiz\u00f3\u00a0de\u00a0manera exitosa la sustituci\u00f3n del colector\u00a0de\u00a0aguas servidas, en\u00a0cumplimiento de\u00a0las instrucciones del presidente\u00a0de\u00a0la Rep\u00fablica Nicol\u00e1s Maduro,\u00a0de\u00a0garantizar el \u00f3ptimo funcionamiento del Sistema H\u00eddrico Nacional.<\/p>\n\n\n\n<p>Vel\u00e1squez destac\u00f3 que gracias a la gesti\u00f3n del 1\u00d710 del Buen Gobierno, programa implementado por el jefe de Estado, la hidrol\u00f3gica brinda respuesta efectiva a las comunidades\u00a0con\u00a0el mejoramiento\u00a0de\u00a0la red\u00a0de\u00a0saneamiento\u00a0en\u00a0este sector de Nirgua.<\/p>\n\n\n\n<p>\u201cLa hidrol\u00f3gica contin\u00faa\u00a0comprometida con las acciones en pro de garantizar un ambiente sano y seguro para todo el Pueblo del estado\u00a0Yaracuy, en trabajo articulado con\u00a0el Gobierno nacional y regional para el buen vivir\u00a0de\u00a0la poblaci\u00f3n\u201d, concluy\u00f3.<\/p>\n\n\n\n<figure class=\"wp-block-gallery has-nested-images columns-default is-cropped wp-block-gallery-1 is-layout-flex wp-block-gallery-is-layout-flex\">\n<figure class=\"wp-block-image size-large\"><img loading=\"lazy\" decoding=\"async\" width=\"1020\" height=\"768\" data-id=\"9904\" src=\"https:\/\/minaguas.gob.ve\/wp-content\/uploads\/2024\/05\/1716219473804.jpg\" alt=\"\" class=\"wp-image-9904\" \/><\/figure>\n\n\n\n<figure class=\"wp-block-image size-large\"><img loading=\"lazy\" decoding=\"async\" width=\"1020\" height=\"768\" data-id=\"9905\" src=\"https:\/\/minaguas.gob.ve\/wp-content\/uploads\/2024\/05\/1716219473699.jpg\" alt=\"\" class=\"wp-image-9905\" \/><\/figure>\n<\/figure>\n","protected":false},"excerpt":{"rendered":"<p>El 1&#215;10 del Buen Gobierno brinda atenci\u00f3n\u00a0inmediata en\u00a0materia\u00a0de\u00a0agua\u00a0potable y saneamiento al Pueblo yaracuyano.\u00a0 (Prensa Aguas\u00a0de\u00a0Yaracuy).-\u00a0\u00a0M\u00e1s\u00a0de\u00a0mil 500 familias\u00a0de\u00a0los sectores La Ca\u00f1ada, El Cantil, Pueblo Nuevo y El Paraparo del municipio Nirgua, son atendidos\u00a0con\u00a0la sustituci\u00f3n\u00a0de\u00a0582 metros lineales\u00a0de\u00a0tuber\u00eda\u00a0de\u00a012 pulgadas\u00a0de\u00a0colectores\u00a0de\u00a0aguas servidas, as\u00ed como la construcci\u00f3n\u00a0de\u00a053 empotramientos domiciliarios\u00a0de\u00a0seis pulgadas. Los trabajos fueron coordinados por un equipo t\u00e9cnico y operativo del [&hellip;]<\/p>\n","protected":false},"author":28,"featured_media":9907,"comment_status":"open","ping_status":"open","sticky":false,"template":"","format":"standard","meta":{"footnotes":""},"categories":[1],"tags":[103,42,52,77,200,24,45],"class_list":["post-9903","post","type-post","status-publish","format-standard","has-post-thumbnail","hentry","category-noticias","tag-1x10","tag-agua-potable","tag-aguas-de-yaracuy","tag-aguas-servidas","tag-cero-colectores-caidos","tag-pueblo-trabajador-del-agua","tag-regionales"],"_links":{"self":[{"href":"https:\/\/minaguas.gob.ve\/index.php?rest_route=\/wp\/v2\/posts\/9903","targetHints":{"allow":["GET"]}}],"collection":[{"href":"https:\/\/minaguas.gob.ve\/index.php?rest_route=\/wp\/v2\/posts"}],"about":[{"href":"https:\/\/minaguas.gob.ve\/index.php?rest_route=\/wp\/v2\/types\/post"}],"author":[{"embeddable":true,"href":"https:\/\/minaguas.gob.ve\/index.php?rest_route=\/wp\/v2\/users\/28"}],"replies":[{"embeddable":true,"href":"https:\/\/minaguas.gob.ve\/index.php?rest_route=%2Fwp%2Fv2%2Fcomments&post=9903"}],"version-history":[{"count":0,"href":"https:\/\/minaguas.gob.ve\/index.php?rest_route=\/wp\/v2\/posts\/9903\/revisions"}],"wp:featuredmedia":[{"embeddable":true,"href":"https:\/\/minaguas.gob.ve\/index.php?rest_route=\/wp\/v2\/media\/9907"}],"wp:attachment":[{"href":"https:\/\/minaguas.gob.ve\/index.php?rest_route=%2Fwp%2Fv2%2Fmedia&parent=9903"}],"wp:term":[{"taxonomy":"category","embeddable":true,"href":"https:\/\/minaguas.gob.ve\/index.php?rest_route=%2Fwp%2Fv2%2Fcategories&post=9903"},{"taxonomy":"post_tag","embeddable":true,"href":"https:\/\/minaguas.gob.ve\/index.php?rest_route=%2Fwp%2Fv2%2Ftags&post=9903"}],"curies":[{"name":"wp","href":"https:\/\/api.w.org\/{rel}","templated":true}]}}