{"id":986,"date":"2021-09-09T20:58:54","date_gmt":"2021-09-10T00:58:54","guid":{"rendered":"https:\/\/minaguas.gob.ve\/?p=986"},"modified":"2021-09-09T20:58:54","modified_gmt":"2021-09-10T00:58:54","slug":"ministra-evelyn-vasquez-evaluo-proyectos-hidricos-en-beneficio-de-los-pueblos-indigenas","status":"publish","type":"post","link":"https:\/\/minaguas.gob.ve\/?p=986","title":{"rendered":"Ministra Evelyn V\u00e1squez evalu\u00f3 proyectos h\u00eddricos en beneficio de los pueblos ind\u00edgenas"},"content":{"rendered":"\n<div class=\"wp-block-image\"><figure class=\"aligncenter size-large\"><img loading=\"lazy\" decoding=\"async\" width=\"1024\" height=\"473\" src=\"https:\/\/minaguas.gob.ve\/wp-content\/uploads\/2021\/09\/WhatsApp-Image-2021-09-09-at-8.13.51-PM-1024x473.jpeg\" alt=\"\" class=\"wp-image-987\" srcset=\"https:\/\/minaguas.gob.ve\/wp-content\/uploads\/2021\/09\/WhatsApp-Image-2021-09-09-at-8.13.51-PM-1024x473.jpeg 1024w, https:\/\/minaguas.gob.ve\/wp-content\/uploads\/2021\/09\/WhatsApp-Image-2021-09-09-at-8.13.51-PM-300x138.jpeg 300w, https:\/\/minaguas.gob.ve\/wp-content\/uploads\/2021\/09\/WhatsApp-Image-2021-09-09-at-8.13.51-PM-768x354.jpeg 768w, https:\/\/minaguas.gob.ve\/wp-content\/uploads\/2021\/09\/WhatsApp-Image-2021-09-09-at-8.13.51-PM.jpeg 1040w\" sizes=\"auto, (max-width: 1024px) 100vw, 1024px\" \/><\/figure><\/div>\n\n\n\n<p><strong><em>En videoconferencia con la titular de la cartera de Pueblo Ind\u00edgenas, Roside Gonz\u00e1lez, se abordaron las distintas acciones que se ejecutan en las comunidades ind\u00edgenas del municipio Guajira del estado Zulia.<\/em><\/strong><\/p>\n\n\n\n<p><strong>Prensa MinAguas (09-09-2021)<\/strong> Este jueves 9 de septiembre la ministra del Poder Popular de Atenci\u00f3n de las Aguas, Evelyn V\u00e1squez, sostuvo un encuentro, por videoconferencia, con la titular de la cartera de los Pueblos Ind\u00edgenas, Roside Gonz\u00e1lez, para evaluar distintos proyectos comunes en ejecuci\u00f3n en las comunidades ind\u00edgenas del municipio Guajira del estado Zulia.<\/p>\n\n\n\n<p>Entre los temas discutidos en esta reuni\u00f3n destacan: la rehabilitaci\u00f3n del acueducto El Brillante, la canalizaci\u00f3n del Ca\u00f1o Bolombolo, los trabajos en las plantas potabilizadoras Guajira y Zanz\u00edbar y las estaciones de bombeo Guajira I y Puerto Cuervito, adem\u00e1s de la habilitaci\u00f3n de molinos y jag\u00fceyes dentro de la localidad para mejorar el servicio al pueblo.<\/p>\n\n\n\n<p>Asimismo, se abord\u00f3 el impacto positivo de la sustituci\u00f3n de 45 kil\u00f3metros de tuber\u00eda en el eje de la Planta Guajira hasta Paraguach\u00f3n, acci\u00f3n que permiti\u00f3 a las comunidades de estas localidades recibir el servicio de agua potable, tras m\u00e1s de 10 a\u00f1os sin suministro.<\/p>\n\n\n\n<p>Igualmente, se presentaron propuestas para optimizar el sistema h\u00eddrico en la comunidad Macuare del municipio Ezequiel Zamora del estado Monagas, mediante la puesta en marcha de una planta potabilizadora.<\/p>\n\n\n\n<p>Durante el encuentro virtual tambi\u00e9n se acord\u00f3 la reactivaci\u00f3n de pozos profundos en la comunidad Santa In\u00e9s de La Arenosa, ubicada en el municipio Cede\u00f1o del estado Bol\u00edvar.<\/p>\n\n\n\n<div class=\"wp-block-image\"><figure class=\"aligncenter size-large\"><img loading=\"lazy\" decoding=\"async\" width=\"1024\" height=\"473\" src=\"https:\/\/minaguas.gob.ve\/wp-content\/uploads\/2021\/09\/WhatsApp-Image-2021-09-09-at-8.13.50-PM-1024x473.jpeg\" alt=\"\" class=\"wp-image-988\" srcset=\"https:\/\/minaguas.gob.ve\/wp-content\/uploads\/2021\/09\/WhatsApp-Image-2021-09-09-at-8.13.50-PM-1024x473.jpeg 1024w, https:\/\/minaguas.gob.ve\/wp-content\/uploads\/2021\/09\/WhatsApp-Image-2021-09-09-at-8.13.50-PM-300x138.jpeg 300w, https:\/\/minaguas.gob.ve\/wp-content\/uploads\/2021\/09\/WhatsApp-Image-2021-09-09-at-8.13.50-PM-768x354.jpeg 768w, https:\/\/minaguas.gob.ve\/wp-content\/uploads\/2021\/09\/WhatsApp-Image-2021-09-09-at-8.13.50-PM.jpeg 1040w\" sizes=\"auto, (max-width: 1024px) 100vw, 1024px\" \/><\/figure><\/div>\n","protected":false},"excerpt":{"rendered":"<p>En videoconferencia con la titular de la cartera de Pueblo Ind\u00edgenas, Roside Gonz\u00e1lez, se abordaron las distintas acciones que se ejecutan en las comunidades ind\u00edgenas del municipio Guajira del estado Zulia. Prensa MinAguas (09-09-2021) Este jueves 9 de septiembre la ministra del Poder Popular de Atenci\u00f3n de las Aguas, Evelyn V\u00e1squez, sostuvo un encuentro, por [&hellip;]<\/p>\n","protected":false},"author":28,"featured_media":987,"comment_status":"open","ping_status":"open","sticky":false,"template":"","format":"standard","meta":{"footnotes":""},"categories":[1],"tags":[8],"class_list":["post-986","post","type-post","status-publish","format-standard","has-post-thumbnail","hentry","category-noticias","tag-nacionales"],"_links":{"self":[{"href":"https:\/\/minaguas.gob.ve\/index.php?rest_route=\/wp\/v2\/posts\/986","targetHints":{"allow":["GET"]}}],"collection":[{"href":"https:\/\/minaguas.gob.ve\/index.php?rest_route=\/wp\/v2\/posts"}],"about":[{"href":"https:\/\/minaguas.gob.ve\/index.php?rest_route=\/wp\/v2\/types\/post"}],"author":[{"embeddable":true,"href":"https:\/\/minaguas.gob.ve\/index.php?rest_route=\/wp\/v2\/users\/28"}],"replies":[{"embeddable":true,"href":"https:\/\/minaguas.gob.ve\/index.php?rest_route=%2Fwp%2Fv2%2Fcomments&post=986"}],"version-history":[{"count":0,"href":"https:\/\/minaguas.gob.ve\/index.php?rest_route=\/wp\/v2\/posts\/986\/revisions"}],"wp:featuredmedia":[{"embeddable":true,"href":"https:\/\/minaguas.gob.ve\/index.php?rest_route=\/wp\/v2\/media\/987"}],"wp:attachment":[{"href":"https:\/\/minaguas.gob.ve\/index.php?rest_route=%2Fwp%2Fv2%2Fmedia&parent=986"}],"wp:term":[{"taxonomy":"category","embeddable":true,"href":"https:\/\/minaguas.gob.ve\/index.php?rest_route=%2Fwp%2Fv2%2Fcategories&post=986"},{"taxonomy":"post_tag","embeddable":true,"href":"https:\/\/minaguas.gob.ve\/index.php?rest_route=%2Fwp%2Fv2%2Ftags&post=986"}],"curies":[{"name":"wp","href":"https:\/\/api.w.org\/{rel}","templated":true}]}}