{"id":9668,"date":"2024-05-15T17:16:12","date_gmt":"2024-05-15T21:16:12","guid":{"rendered":"https:\/\/minaguas.gob.ve\/?p=9668"},"modified":"2024-05-16T12:17:15","modified_gmt":"2024-05-16T16:17:15","slug":"minaguas-y-gobernacion-de-la-guaira-muestran-avances-de-proyectos-hidricos-en-la-entidad","status":"publish","type":"post","link":"https:\/\/minaguas.gob.ve\/?p=9668","title":{"rendered":"MinAguas y gobernaci\u00f3n de La Guaira muestran avances de proyectos h\u00eddricos en la entidad"},"content":{"rendered":"\n<figure class=\"wp-block-embed is-provider-youtube wp-block-embed-youtube\"><div class=\"wp-block-embed__wrapper\">\n<iframe loading=\"lazy\" title=\"Inauguramos pozo profundo Punta de Mulatos en la parroquia La Guaira\" width=\"640\" height=\"360\" src=\"https:\/\/www.youtube.com\/embed\/Ef3RI6gSAZM?feature=oembed\" frameborder=\"0\" allow=\"accelerometer; autoplay; clipboard-write; encrypted-media; gyroscope; picture-in-picture; web-share\" referrerpolicy=\"strict-origin-when-cross-origin\" allowfullscreen><\/iframe>\n<\/div><\/figure>\n\n\n\n<p><em>Con la rehabilitaci\u00f3n del sistema Maya-Picure se atender\u00e1 a 30 mil habitantes del eje oeste y con la inauguraci\u00f3n del pozo profundo Punta de Mulato I se benefician 2 mil personas.<\/em><\/p>\n\n\n\n<p><strong>(Prensa MinAguas \/ 15-05-2024).-<\/strong> A prop\u00f3sito del seguimiento semanal que realiza el ministerio del Poder Popular de Atenci\u00f3n de las Aguas y la Gobernaci\u00f3n de La Guaira para optimizar el sistema h\u00eddrico en la entidad, este mi\u00e9rcoles 15 de mayo, el ministro G\/D Rodolfo Marco Torres y el gobernador, Jos\u00e9 Alejandro Ter\u00e1n evaluaron planes y proyectos en la entidad.<\/p>\n\n\n\n<p>Durante una mesa de trabajo, ambas autoridades revisaron la Agenda Concreta de Acci\u00f3n e informaron que la rehabilitaci\u00f3n del sistema Maya-Picure tiene un avance del 65 %, con el objetivo de producir 600 litros de agua por segundo y abastecer a 30 mil habitantes del eje oeste de la entidad, lo que complementar\u00e1 adem\u00e1s, al sistema de abastecimiento actual.<\/p>\n\n\n\n<p>\u00abEn una primera fase, que es la m\u00e1s compleja porque es monta\u00f1a adentro, la Fuerza Trabajadora de Hidrocapital, con maquinaria especializada realiz\u00f3 la instalaci\u00f3n de tuber\u00eda de 36 pulgadas y 74 tubos\u201d, a\u00f1adi\u00f3 el ministro.<\/p>\n\n\n\n<p>Asimismo, inspeccionaron la instalaci\u00f3n de 180 metros de colector de aguas servidas de 10 pulgadas, con sus respectivas tomas domiciliarias en Santa Rita, parroquia Urimare, en respuesta a un reporte del 1&#215;10 del Buen Gobierno, a fin de atender a 450 habitantes de la comunidad.<\/p>\n\n\n\n<p>En el despliegue, inauguraron el pozo profundo Punta de Mulatos I en el sector hom\u00f3nimo, de la parroquia La Guaira, para beneficiar a m\u00e1s de dos mil habitantes con la distribuci\u00f3n de 380 mil litros de agua diarios.<\/p>\n\n\n\n<p>En ese sentido, el gobernador Jos\u00e9 Alejandro Ter\u00e1n, expres\u00f3 \u201cestos trabajos son parte de las 39 acciones de un Plan de Agua que ejecutamos todas las semanas en La Guaira, donde ya hemos rehabilitado 50 pozos, avanzamos en desarenador, dique toma, el sistema Maya-Picure y vamos a continuar\u201d.<\/p>\n\n\n\n<p>Finalmente, la vocera de la comunidad, Aracelis Seijas, mostr\u00f3 su agradecimiento al presidente Nicol\u00e1s Maduro Moros por la aplicaci\u00f3n VenApp, ya que a trav\u00e9s de ella recibieron respuesta de manera oportuna, \u201cesto ha sido un trabajo articulado entre MinAguas, Hidrocapital, Gobernaci\u00f3n y Poder Popular\u201d.<\/p>\n\n\n\n<figure class=\"wp-block-gallery has-nested-images columns-default is-cropped wp-block-gallery-1 is-layout-flex wp-block-gallery-is-layout-flex\">\n<figure class=\"wp-block-image size-large\"><img loading=\"lazy\" decoding=\"async\" width=\"1920\" height=\"1080\" data-id=\"9670\" src=\"https:\/\/minaguas.gob.ve\/wp-content\/uploads\/2024\/05\/COLECTORES-1.jpg\" alt=\"\" class=\"wp-image-9670\" \/><\/figure>\n\n\n\n<figure class=\"wp-block-image size-large\"><img loading=\"lazy\" decoding=\"async\" width=\"1920\" height=\"1080\" data-id=\"9671\" src=\"https:\/\/minaguas.gob.ve\/wp-content\/uploads\/2024\/05\/REUNION-5.jpg\" alt=\"\" class=\"wp-image-9671\" \/><\/figure>\n<\/figure>\n\n\n\n<figure class=\"wp-block-gallery has-nested-images columns-default is-cropped wp-block-gallery-2 is-layout-flex wp-block-gallery-is-layout-flex\">\n<figure class=\"wp-block-image size-large\"><img loading=\"lazy\" decoding=\"async\" width=\"2560\" height=\"1706\" data-id=\"9672\" src=\"https:\/\/minaguas.gob.ve\/wp-content\/uploads\/2024\/05\/WhatsApp-Image-2024-05-15-at-4.39.21-PM.jpeg\" alt=\"\" class=\"wp-image-9672\" \/><\/figure>\n\n\n\n<figure class=\"wp-block-image size-large\"><img loading=\"lazy\" decoding=\"async\" width=\"2560\" height=\"1706\" data-id=\"9673\" src=\"https:\/\/minaguas.gob.ve\/wp-content\/uploads\/2024\/05\/WhatsApp-Image-2024-05-15-at-4.39.23-PM.jpeg\" alt=\"\" class=\"wp-image-9673\" \/><\/figure>\n<\/figure>\n","protected":false},"excerpt":{"rendered":"<p>Con la rehabilitaci\u00f3n del sistema Maya-Picure se atender\u00e1 a 30 mil habitantes del eje oeste y con la inauguraci\u00f3n del pozo profundo Punta de Mulato I se benefician 2 mil personas. (Prensa MinAguas \/ 15-05-2024).- A prop\u00f3sito del seguimiento semanal que realiza el ministerio del Poder Popular de Atenci\u00f3n de las Aguas y la Gobernaci\u00f3n [&hellip;]<\/p>\n","protected":false},"author":28,"featured_media":9669,"comment_status":"open","ping_status":"open","sticky":false,"template":"","format":"standard","meta":{"footnotes":""},"categories":[1],"tags":[49,42,77,31,24,45],"class_list":["post-9668","post","type-post","status-publish","format-standard","has-post-thumbnail","hentry","category-noticias","tag-1x10-del-buen-gobierno","tag-agua-potable","tag-aguas-servidas","tag-pozos-profundos","tag-pueblo-trabajador-del-agua","tag-regionales"],"_links":{"self":[{"href":"https:\/\/minaguas.gob.ve\/index.php?rest_route=\/wp\/v2\/posts\/9668","targetHints":{"allow":["GET"]}}],"collection":[{"href":"https:\/\/minaguas.gob.ve\/index.php?rest_route=\/wp\/v2\/posts"}],"about":[{"href":"https:\/\/minaguas.gob.ve\/index.php?rest_route=\/wp\/v2\/types\/post"}],"author":[{"embeddable":true,"href":"https:\/\/minaguas.gob.ve\/index.php?rest_route=\/wp\/v2\/users\/28"}],"replies":[{"embeddable":true,"href":"https:\/\/minaguas.gob.ve\/index.php?rest_route=%2Fwp%2Fv2%2Fcomments&post=9668"}],"version-history":[{"count":0,"href":"https:\/\/minaguas.gob.ve\/index.php?rest_route=\/wp\/v2\/posts\/9668\/revisions"}],"wp:featuredmedia":[{"embeddable":true,"href":"https:\/\/minaguas.gob.ve\/index.php?rest_route=\/wp\/v2\/media\/9669"}],"wp:attachment":[{"href":"https:\/\/minaguas.gob.ve\/index.php?rest_route=%2Fwp%2Fv2%2Fmedia&parent=9668"}],"wp:term":[{"taxonomy":"category","embeddable":true,"href":"https:\/\/minaguas.gob.ve\/index.php?rest_route=%2Fwp%2Fv2%2Fcategories&post=9668"},{"taxonomy":"post_tag","embeddable":true,"href":"https:\/\/minaguas.gob.ve\/index.php?rest_route=%2Fwp%2Fv2%2Ftags&post=9668"}],"curies":[{"name":"wp","href":"https:\/\/api.w.org\/{rel}","templated":true}]}}