{"id":9650,"date":"2024-05-15T09:07:14","date_gmt":"2024-05-15T13:07:14","guid":{"rendered":"https:\/\/minaguas.gob.ve\/?p=9650"},"modified":"2024-05-15T09:07:14","modified_gmt":"2024-05-15T13:07:14","slug":"hidrocapital-sustituye-colector-de-aguas-servidas-en-la-pastora","status":"publish","type":"post","link":"https:\/\/minaguas.gob.ve\/?p=9650","title":{"rendered":"Hidrocapital sustituye colector de aguas servidas en La Pastora"},"content":{"rendered":"\n<p><em>Con estas acciones ser\u00e1n atendidas 925 familias que habitan en la esquina de Morena Clara y sus alrededores<\/em><\/p>\n\n\n\n<figure class=\"wp-block-gallery has-nested-images columns-default is-cropped wp-block-gallery-1 is-layout-flex wp-block-gallery-is-layout-flex\">\n<figure class=\"wp-block-image size-large\"><img loading=\"lazy\" decoding=\"async\" width=\"1080\" height=\"593\" data-id=\"9653\" src=\"https:\/\/minaguas.gob.ve\/wp-content\/uploads\/2024\/05\/IMG-20240513-WA0099.jpg\" alt=\"\" class=\"wp-image-9653\" \/><\/figure>\n<\/figure>\n\n\n\n<p><strong>(Prensa MinAguas \/ Hidrocapital 15-05-2024).-<\/strong> Con las labores de sustituci\u00f3n de 130 metros de colectores de aguas servidas que lleva a cabo la Hidrol\u00f3gica de la Regi\u00f3n Capital (Hidrocapital) en El Manicomio, esquina de Morena Clara de la parroquia La Pastora, se ver\u00e1n beneficiadas 925 familias.<\/p>\n\n\n\n<p>Los habitantes de esta localidad, al oeste de la ciudad de Caracas, presentaron ante Hidrocapital un proyecto para la sustituci\u00f3n de un tramo de colectores. Este plan fue aprobado por la hidrol\u00f3gica y actualmente se ejecuta la roturaci\u00f3n y excavaci\u00f3n sobre el terreno, para instalar el nuevo tramo que recolectar\u00e1 las aguas servidas de 150 viviendas.<\/p>\n\n\n\n<p>\u201cNos propusimos como comunidad, atender esta problem\u00e1tica. Hicimos los respectivos reportes por la VenApp. Se nos brind\u00f3 una respuesta r\u00e1pida y oportuna. Desde hace 8 d\u00edas el personal del Hidrocapital, en colaboraci\u00f3n con la comunidad, se encuentra trabajando para sustituir el colector averiado\u201d, refiri\u00f3 la vocera de la Mesa T\u00e9cnica de Agua Patria Soberana, Francia Guzm\u00e1n.<\/p>\n\n\n\n<p>\u201cEsto es lo que se espera de las instituciones: respuestas a los problemas del Pueblo. Nosotros, como comunidad organizada, alertamos y esperamos respuestas positivas. Estos trabajos demuestran que s\u00ed es posible\u201d, asever\u00f3 un vecino que prefiri\u00f3 no identificarse.<\/p>\n\n\n\n<p>De esta manera, la Fuerza Trabajadora de Hidrocapital cumple con las instrucciones del presidente de la Rep\u00fablica Bolivariana de Venezuela, Nicol\u00e1s Maduro, en materia de agua potable y la recolecci\u00f3n de aguas servidas.<\/p>\n\n\n\n<figure class=\"wp-block-gallery has-nested-images columns-default is-cropped wp-block-gallery-2 is-layout-flex wp-block-gallery-is-layout-flex\">\n<figure class=\"wp-block-image size-large\"><img loading=\"lazy\" decoding=\"async\" width=\"1000\" height=\"657\" data-id=\"9651\" src=\"https:\/\/minaguas.gob.ve\/wp-content\/uploads\/2024\/05\/IMG-20240513-WA0100.jpg\" alt=\"\" class=\"wp-image-9651\" \/><\/figure>\n\n\n\n<figure class=\"wp-block-image size-large\"><img loading=\"lazy\" decoding=\"async\" width=\"2560\" height=\"1920\" data-id=\"9652\" src=\"https:\/\/minaguas.gob.ve\/wp-content\/uploads\/2024\/05\/IMG-20240513-WA0098.jpg\" alt=\"\" class=\"wp-image-9652\" \/><\/figure>\n<\/figure>\n","protected":false},"excerpt":{"rendered":"<p>Con estas acciones ser\u00e1n atendidas 925 familias que habitan en la esquina de Morena Clara y sus alrededores (Prensa MinAguas \/ Hidrocapital 15-05-2024).- Con las labores de sustituci\u00f3n de 130 metros de colectores de aguas servidas que lleva a cabo la Hidrol\u00f3gica de la Regi\u00f3n Capital (Hidrocapital) en El Manicomio, esquina de Morena Clara de [&hellip;]<\/p>\n","protected":false},"author":28,"featured_media":9651,"comment_status":"open","ping_status":"open","sticky":false,"template":"","format":"standard","meta":{"footnotes":""},"categories":[1],"tags":[42,77,36,8,24,45],"class_list":["post-9650","post","type-post","status-publish","format-standard","has-post-thumbnail","hentry","category-noticias","tag-agua-potable","tag-aguas-servidas","tag-hidrocapital","tag-nacionales","tag-pueblo-trabajador-del-agua","tag-regionales"],"_links":{"self":[{"href":"https:\/\/minaguas.gob.ve\/index.php?rest_route=\/wp\/v2\/posts\/9650","targetHints":{"allow":["GET"]}}],"collection":[{"href":"https:\/\/minaguas.gob.ve\/index.php?rest_route=\/wp\/v2\/posts"}],"about":[{"href":"https:\/\/minaguas.gob.ve\/index.php?rest_route=\/wp\/v2\/types\/post"}],"author":[{"embeddable":true,"href":"https:\/\/minaguas.gob.ve\/index.php?rest_route=\/wp\/v2\/users\/28"}],"replies":[{"embeddable":true,"href":"https:\/\/minaguas.gob.ve\/index.php?rest_route=%2Fwp%2Fv2%2Fcomments&post=9650"}],"version-history":[{"count":0,"href":"https:\/\/minaguas.gob.ve\/index.php?rest_route=\/wp\/v2\/posts\/9650\/revisions"}],"wp:featuredmedia":[{"embeddable":true,"href":"https:\/\/minaguas.gob.ve\/index.php?rest_route=\/wp\/v2\/media\/9651"}],"wp:attachment":[{"href":"https:\/\/minaguas.gob.ve\/index.php?rest_route=%2Fwp%2Fv2%2Fmedia&parent=9650"}],"wp:term":[{"taxonomy":"category","embeddable":true,"href":"https:\/\/minaguas.gob.ve\/index.php?rest_route=%2Fwp%2Fv2%2Fcategories&post=9650"},{"taxonomy":"post_tag","embeddable":true,"href":"https:\/\/minaguas.gob.ve\/index.php?rest_route=%2Fwp%2Fv2%2Ftags&post=9650"}],"curies":[{"name":"wp","href":"https:\/\/api.w.org\/{rel}","templated":true}]}}