{"id":9644,"date":"2024-05-14T23:05:01","date_gmt":"2024-05-15T03:05:01","guid":{"rendered":"https:\/\/minaguas.gob.ve\/?p=9644"},"modified":"2024-05-14T23:05:01","modified_gmt":"2024-05-15T03:05:01","slug":"hidrocapital-atendio-caso-de-1x10-en-comunidad-los-indios-del-estado-miranda","status":"publish","type":"post","link":"https:\/\/minaguas.gob.ve\/?p=9644","title":{"rendered":"Hidrocapital atendi\u00f3 caso de 1&#215;10 en comunidad Los Indios del estado Miranda"},"content":{"rendered":"\n<p>Al menos 230 familias son atendidas con la sustituci\u00f3n de un tramo de 30 metros de tuber\u00eda de agua potable <\/p>\n\n\n\n<p>(Prensa MinAguas\/ Hidrocapital 13-05-2024).- En atenci\u00f3n al llamado de la comunidad de Los Indios, ubicada en la parroquia San Francisco de Yare, municipio Sim\u00f3n Bol\u00edvar del estado Miranda, las cuadrillas de Hidrocapital junto con el personal de las Brigadas del Poder Popular para la Atenci\u00f3n de las Aguas (BRIPPAS), realizaron la sustituci\u00f3n de 30 metros de tuber\u00eda en la red principal que surte a dicho sector.<\/p>\n\n\n\n<p>Para mejorar el servicio de agua potable a 230 familias, la Fuerza Trabajadora de la hidrol\u00f3gica de la regi\u00f3n capital, efectu\u00f3 el reemplazo del tramos de tuber\u00eda de 110 mil\u00edmetros en material de Pol\u00edetileno de Alta Densidad.<\/p>\n\n\n\n<p>La acci\u00f3n se llev\u00f3 a cabo siguiendo las instrucciones del presidente, Nicol\u00e1s Maduro Moros y en atenci\u00f3n inmediata a los reportes realizados a trav\u00e9s del sistema 1&#215;10 del Buen Gobierno.<\/p>\n\n\n\n<figure class=\"wp-block-gallery has-nested-images columns-default is-cropped wp-block-gallery-1 is-layout-flex wp-block-gallery-is-layout-flex\">\n<figure class=\"wp-block-image size-large\"><img loading=\"lazy\" decoding=\"async\" width=\"1080\" height=\"810\" data-id=\"9646\" src=\"https:\/\/minaguas.gob.ve\/wp-content\/uploads\/2024\/05\/1000411709.jpg\" alt=\"\" class=\"wp-image-9646\" \/><\/figure>\n\n\n\n<figure class=\"wp-block-image size-large\"><img loading=\"lazy\" decoding=\"async\" width=\"1080\" height=\"810\" data-id=\"9647\" src=\"https:\/\/minaguas.gob.ve\/wp-content\/uploads\/2024\/05\/1000411711.jpg\" alt=\"\" class=\"wp-image-9647\" \/><\/figure>\n<\/figure>\n\n\n\n<figure class=\"wp-block-gallery has-nested-images columns-default is-cropped wp-block-gallery-2 is-layout-flex wp-block-gallery-is-layout-flex\">\n<figure class=\"wp-block-image size-large\"><img loading=\"lazy\" decoding=\"async\" width=\"1080\" height=\"810\" data-id=\"9648\" src=\"https:\/\/minaguas.gob.ve\/wp-content\/uploads\/2024\/05\/1000411712.jpg\" alt=\"\" class=\"wp-image-9648\" \/><\/figure>\n<\/figure>\n","protected":false},"excerpt":{"rendered":"<p>Al menos 230 familias son atendidas con la sustituci\u00f3n de un tramo de 30 metros de tuber\u00eda de agua potable (Prensa MinAguas\/ Hidrocapital 13-05-2024).- En atenci\u00f3n al llamado de la comunidad de Los Indios, ubicada en la parroquia San Francisco de Yare, municipio Sim\u00f3n Bol\u00edvar del estado Miranda, las cuadrillas de Hidrocapital junto con el [&hellip;]<\/p>\n","protected":false},"author":28,"featured_media":9645,"comment_status":"open","ping_status":"open","sticky":false,"template":"","format":"standard","meta":{"footnotes":""},"categories":[1],"tags":[103,42,13,36,97,8,24],"class_list":["post-9644","post","type-post","status-publish","format-standard","has-post-thumbnail","hentry","category-noticias","tag-1x10","tag-agua-potable","tag-brippas","tag-hidrocapital","tag-miranda","tag-nacionales","tag-pueblo-trabajador-del-agua"],"_links":{"self":[{"href":"https:\/\/minaguas.gob.ve\/index.php?rest_route=\/wp\/v2\/posts\/9644","targetHints":{"allow":["GET"]}}],"collection":[{"href":"https:\/\/minaguas.gob.ve\/index.php?rest_route=\/wp\/v2\/posts"}],"about":[{"href":"https:\/\/minaguas.gob.ve\/index.php?rest_route=\/wp\/v2\/types\/post"}],"author":[{"embeddable":true,"href":"https:\/\/minaguas.gob.ve\/index.php?rest_route=\/wp\/v2\/users\/28"}],"replies":[{"embeddable":true,"href":"https:\/\/minaguas.gob.ve\/index.php?rest_route=%2Fwp%2Fv2%2Fcomments&post=9644"}],"version-history":[{"count":0,"href":"https:\/\/minaguas.gob.ve\/index.php?rest_route=\/wp\/v2\/posts\/9644\/revisions"}],"wp:featuredmedia":[{"embeddable":true,"href":"https:\/\/minaguas.gob.ve\/index.php?rest_route=\/wp\/v2\/media\/9645"}],"wp:attachment":[{"href":"https:\/\/minaguas.gob.ve\/index.php?rest_route=%2Fwp%2Fv2%2Fmedia&parent=9644"}],"wp:term":[{"taxonomy":"category","embeddable":true,"href":"https:\/\/minaguas.gob.ve\/index.php?rest_route=%2Fwp%2Fv2%2Fcategories&post=9644"},{"taxonomy":"post_tag","embeddable":true,"href":"https:\/\/minaguas.gob.ve\/index.php?rest_route=%2Fwp%2Fv2%2Ftags&post=9644"}],"curies":[{"name":"wp","href":"https:\/\/api.w.org\/{rel}","templated":true}]}}