{"id":9468,"date":"2024-05-08T17:02:26","date_gmt":"2024-05-08T21:02:26","guid":{"rendered":"https:\/\/minaguas.gob.ve\/?p=9468"},"modified":"2024-05-08T17:02:26","modified_gmt":"2024-05-08T21:02:26","slug":"aguas-de-yaracuy-sustituyo-650-metros-de-tuberia-de-aguas-servidas-en-el-municipio-nirgua","status":"publish","type":"post","link":"https:\/\/minaguas.gob.ve\/?p=9468","title":{"rendered":"Aguas de Yaracuy sustituy\u00f3 650 metros de tuber\u00eda de aguas servidas en el municipio Nirgua"},"content":{"rendered":"\n<p><em>El 1&#215;10 del Buen Gobierno brind\u00f3 atenci\u00f3n inmediata en materia de agua potable y saneamiento a m\u00e1s de 1.500 familias.<\/em><\/p>\n\n\n\n<figure class=\"wp-block-gallery has-nested-images columns-default is-cropped wp-block-gallery-1 is-layout-flex wp-block-gallery-is-layout-flex\">\n<figure class=\"wp-block-image size-large\"><img loading=\"lazy\" decoding=\"async\" width=\"1020\" height=\"768\" data-id=\"9469\" src=\"https:\/\/minaguas.gob.ve\/wp-content\/uploads\/2024\/05\/1715176049131.jpg\" alt=\"\" class=\"wp-image-9469\" \/><\/figure>\n\n\n\n<figure class=\"wp-block-image size-large\"><img loading=\"lazy\" decoding=\"async\" width=\"1020\" height=\"768\" data-id=\"9470\" src=\"https:\/\/minaguas.gob.ve\/wp-content\/uploads\/2024\/05\/1715176049000-1.jpg\" alt=\"\" class=\"wp-image-9470\" \/><\/figure>\n<\/figure>\n\n\n\n<p><strong>(Prensa MinAguas \/ Aguas de Yaracuy 08-04-2024).-<\/strong> Enmarcado en el Mapa de Soluciones y la Agenda Concreta de Acciones orientados por el presidente Nicol\u00e1s Maduro, a trav\u00e9s del Ministerio del Poder Popular de Atenci\u00f3n de las Aguas (MinAguas), fueron atendidas m\u00e1s de mil 500 familias de los sectores La Ca\u00f1ada, El Cantil y Pueblo Nuevo del municipio Nirgua, con la sustituci\u00f3n de 650 metros lineales de tuber\u00eda de 12 pulgadas de colectores de aguas servidas.<\/p>\n\n\n\n<p>El presidente del ente h\u00eddrico, Juan Luis Vel\u00e1squez, manifest\u00f3 que la instalaci\u00f3n de este tramo de tuber\u00eda se ejecuta para solventar la aver\u00eda de la red. Adem\u00e1s, el equipo t\u00e9cnico realiz\u00f3 una inspecci\u00f3n en la comunidad con la finalidad de coordinar el traslado de la maquinaria.<\/p>\n\n\n\n<p>El titular de la instituci\u00f3n, sostuvo que, cumpliendo con los reportes generados en la aplicaci\u00f3n VenApp, se han instalado 240 metros de tuber\u00eda PED, as\u00ed como la construcci\u00f3n de 68 empotramientos domiciliarios, garantizando una vez m\u00e1s el \u00f3ptimo estado del funcionamiento del Sistema<br>H\u00eddrico Nacional.<\/p>\n\n\n\n<p>En este sentido, se atendi\u00f3 satisfactoriamente la red de aguas servidas desde la avenida Yaracuy hasta La Patria en el municipio San Felipe, luego de la reconstrucci\u00f3n parcial del tramo del colector de 10 pulgadas.<\/p>\n\n\n\n<p>Vel\u00e1squez, resalt\u00f3 que los habitantes de las tres comunidades favorecidas, realizaron su reporte a trav\u00e9s del sistema 1&#215;10 del Buen Gobierno, donde de manera efectiva se le est\u00e1 dando respuesta satisfactoria; agreg\u00f3 que, la hidrol\u00f3gica regional realiza estas acciones con el objetivo de aumentar la operatividad y la calidad del servicio de agua potable y saneamiento en los 14 municipios de la entidad yaracuyana.<\/p>\n\n\n\n<figure class=\"wp-block-gallery has-nested-images columns-default is-cropped wp-block-gallery-2 is-layout-flex wp-block-gallery-is-layout-flex\">\n<figure class=\"wp-block-image size-large\"><img loading=\"lazy\" decoding=\"async\" width=\"1020\" height=\"768\" data-id=\"9472\" src=\"https:\/\/minaguas.gob.ve\/wp-content\/uploads\/2024\/05\/1715176048914.jpg\" alt=\"\" class=\"wp-image-9472\" \/><\/figure>\n\n\n\n<figure class=\"wp-block-image size-large\"><img loading=\"lazy\" decoding=\"async\" width=\"1020\" height=\"768\" data-id=\"9471\" src=\"https:\/\/minaguas.gob.ve\/wp-content\/uploads\/2024\/05\/1715176048867.jpg\" alt=\"\" class=\"wp-image-9471\" \/><\/figure>\n<\/figure>\n","protected":false},"excerpt":{"rendered":"<p>El 1&#215;10 del Buen Gobierno brind\u00f3 atenci\u00f3n inmediata en materia de agua potable y saneamiento a m\u00e1s de 1.500 familias. (Prensa MinAguas \/ Aguas de Yaracuy 08-04-2024).- Enmarcado en el Mapa de Soluciones y la Agenda Concreta de Acciones orientados por el presidente Nicol\u00e1s Maduro, a trav\u00e9s del Ministerio del Poder Popular de Atenci\u00f3n de [&hellip;]<\/p>\n","protected":false},"author":28,"featured_media":9471,"comment_status":"open","ping_status":"open","sticky":false,"template":"","format":"standard","meta":{"footnotes":""},"categories":[1],"tags":[103,42,52,8,24,45],"class_list":["post-9468","post","type-post","status-publish","format-standard","has-post-thumbnail","hentry","category-noticias","tag-1x10","tag-agua-potable","tag-aguas-de-yaracuy","tag-nacionales","tag-pueblo-trabajador-del-agua","tag-regionales"],"_links":{"self":[{"href":"https:\/\/minaguas.gob.ve\/index.php?rest_route=\/wp\/v2\/posts\/9468","targetHints":{"allow":["GET"]}}],"collection":[{"href":"https:\/\/minaguas.gob.ve\/index.php?rest_route=\/wp\/v2\/posts"}],"about":[{"href":"https:\/\/minaguas.gob.ve\/index.php?rest_route=\/wp\/v2\/types\/post"}],"author":[{"embeddable":true,"href":"https:\/\/minaguas.gob.ve\/index.php?rest_route=\/wp\/v2\/users\/28"}],"replies":[{"embeddable":true,"href":"https:\/\/minaguas.gob.ve\/index.php?rest_route=%2Fwp%2Fv2%2Fcomments&post=9468"}],"version-history":[{"count":0,"href":"https:\/\/minaguas.gob.ve\/index.php?rest_route=\/wp\/v2\/posts\/9468\/revisions"}],"wp:featuredmedia":[{"embeddable":true,"href":"https:\/\/minaguas.gob.ve\/index.php?rest_route=\/wp\/v2\/media\/9471"}],"wp:attachment":[{"href":"https:\/\/minaguas.gob.ve\/index.php?rest_route=%2Fwp%2Fv2%2Fmedia&parent=9468"}],"wp:term":[{"taxonomy":"category","embeddable":true,"href":"https:\/\/minaguas.gob.ve\/index.php?rest_route=%2Fwp%2Fv2%2Fcategories&post=9468"},{"taxonomy":"post_tag","embeddable":true,"href":"https:\/\/minaguas.gob.ve\/index.php?rest_route=%2Fwp%2Fv2%2Ftags&post=9468"}],"curies":[{"name":"wp","href":"https:\/\/api.w.org\/{rel}","templated":true}]}}