{"id":9359,"date":"2024-05-03T17:37:02","date_gmt":"2024-05-03T21:37:02","guid":{"rendered":"https:\/\/minaguas.gob.ve\/?p=9359"},"modified":"2024-05-03T18:20:37","modified_gmt":"2024-05-03T22:20:37","slug":"minaguas-y-gobernacion-del-tachira-inspeccionaron-construccion-de-acueducto-la-mulata","status":"publish","type":"post","link":"https:\/\/minaguas.gob.ve\/?p=9359","title":{"rendered":"MinAguas y gobernaci\u00f3n del T\u00e1chira inspeccionaron construcci\u00f3n de acueducto La Mulata"},"content":{"rendered":"\n<figure class=\"wp-block-gallery has-nested-images columns-default is-cropped wp-block-gallery-1 is-layout-flex wp-block-gallery-is-layout-flex\">\n<figure class=\"wp-block-image size-full\"><img loading=\"lazy\" decoding=\"async\" width=\"1080\" height=\"607\" data-id=\"9371\" src=\"https:\/\/minaguas.gob.ve\/wp-content\/uploads\/2024\/05\/WhatsApp-Image-2024-05-03-at-5.32.36-PM-4-1.jpeg\" alt=\"\" class=\"wp-image-9371\" \/><\/figure>\n<\/figure>\n\n\n\n<p><strong>(Prensa MinAguas \/ Hidrosuroeste 03-05-2024).-<\/strong> El ministro del Poder Popular de Atenci\u00f3n de las Aguas, G\/D Rodolfo Marco Torres, junto con el gobernador del estado T\u00e1chira, Freddy Bernal, el alcalde del municipio Pedro Mar\u00eda Ure\u00f1a, Jhon Carrillo y el presidente de Hidrosuroeste, Arqu\u00edmedes Uzc\u00e1tegui, inspeccion\u00f3 las obras de construcci\u00f3n del acueducto y la estaci\u00f3n cloradora La Mulata, para atender a 65 mil habitantes del eje fronterizo.<\/p>\n\n\n\n<p>Como parte de los trabajos ejecutados en menos de siete meses, se realiz\u00f3 la instalaci\u00f3n en termofusi\u00f3n de 11.2 kil\u00f3metros de tuber\u00eda PEAD de diferentes pulgadas en terreno monta\u00f1oso, as\u00ed como la construcci\u00f3n de la estaci\u00f3n cloradora La Mulata, de un dique toma y cuatro puentes tubo.<\/p>\n\n\n\n<p>El ministro de Aguas, en compa\u00f1\u00eda de las autoridades regionales, destac\u00f3 que esta obra generar\u00e1 hasta 120 litros por segundo de caudal, \u201cen trabajo articulado y con apoyo de nuestro presidente Nicol\u00e1s Maduro, como parte del 1&#215;10 del Buen Gobierno (\u2026) ya estamos a pocos d\u00edas de la inauguraci\u00f3n de este acueducto, vinimos a pasar revista, vinimos a supervisar todo el extraordinario trabajo\u201d, acot\u00f3.<\/p>\n\n\n\n<figure class=\"wp-block-embed is-type-rich is-provider-twitter wp-block-embed-twitter\"><div class=\"wp-block-embed__wrapper\">\nhttps:\/\/twitter.com\/RMarcoTorres\/status\/1786418184846717420\n<\/div><\/figure>\n\n\n\n<p>En este sentido, resalt\u00f3 que gran parte de la obra se realiz\u00f3 de manera coordinada entre trabajadores y trabajadoras de la hidrol\u00f3gica, alcald\u00eda y gobernaci\u00f3n de la entidad, con mano de obra 100 % nacional.<\/p>\n\n\n\n<p>Al respecto, el gobernador Bernal, agradeci\u00f3 al presidente de la Rep\u00fablica por el apoyo brindado al Pueblo de la frontera, para mejorar su calidad de vida de los tachirenses con la construcci\u00f3n de la nueva red de distribuci\u00f3n y el sistema de potabilizaci\u00f3n de agua potable.<\/p>\n\n\n\n<p>En el contexto de su visita al estado fronterizo, las autoridades del MinAguas y la Gobernaci\u00f3n supervisaron la obra del puente Francisco de Paula Santander, para planificar los trabajos de sustituci\u00f3n de tuber\u00eda de 66 pulgadas en el lugar a causa de la afectaci\u00f3n sufrida y restablecer el tr\u00e1nsito en esta importante arteria vial fronteriza.<\/p>\n\n\n\n<figure class=\"wp-block-gallery has-nested-images columns-default is-cropped wp-block-gallery-2 is-layout-flex wp-block-gallery-is-layout-flex\">\n<figure class=\"wp-block-image size-large\"><img loading=\"lazy\" decoding=\"async\" width=\"960\" height=\"540\" data-id=\"9362\" src=\"https:\/\/minaguas.gob.ve\/wp-content\/uploads\/2024\/05\/e13aef1a-3605-41e8-9bb4-ae96b18a9116.jpg\" alt=\"\" class=\"wp-image-9362\" \/><\/figure>\n\n\n\n<figure class=\"wp-block-image size-large\"><img loading=\"lazy\" decoding=\"async\" width=\"1080\" height=\"607\" data-id=\"9364\" src=\"https:\/\/minaguas.gob.ve\/wp-content\/uploads\/2024\/05\/WhatsApp-Image-2024-05-03-at-5.32.35-PM-1.jpeg\" alt=\"\" class=\"wp-image-9364\" \/><\/figure>\n<\/figure>\n\n\n\n<figure class=\"wp-block-gallery has-nested-images columns-default is-cropped wp-block-gallery-3 is-layout-flex wp-block-gallery-is-layout-flex\">\n<figure class=\"wp-block-image size-large\"><img loading=\"lazy\" decoding=\"async\" width=\"1080\" height=\"607\" data-id=\"9365\" src=\"https:\/\/minaguas.gob.ve\/wp-content\/uploads\/2024\/05\/WhatsApp-Image-2024-05-03-at-5.32.36-PM-4.jpeg\" alt=\"\" class=\"wp-image-9365\" \/><\/figure>\n\n\n\n<figure class=\"wp-block-image size-full\"><img loading=\"lazy\" decoding=\"async\" width=\"1080\" height=\"607\" data-id=\"9372\" src=\"https:\/\/minaguas.gob.ve\/wp-content\/uploads\/2024\/05\/WhatsApp-Image-2024-05-03-at-5.32.36-PM-2.jpeg\" alt=\"\" class=\"wp-image-9372\" \/><\/figure>\n<\/figure>\n","protected":false},"excerpt":{"rendered":"<p>(Prensa MinAguas \/ Hidrosuroeste 03-05-2024).- El ministro del Poder Popular de Atenci\u00f3n de las Aguas, G\/D Rodolfo Marco Torres, junto con el gobernador del estado T\u00e1chira, Freddy Bernal, el alcalde del municipio Pedro Mar\u00eda Ure\u00f1a, Jhon Carrillo y el presidente de Hidrosuroeste, Arqu\u00edmedes Uzc\u00e1tegui, inspeccion\u00f3 las obras de construcci\u00f3n del acueducto y la estaci\u00f3n cloradora [&hellip;]<\/p>\n","protected":false},"author":28,"featured_media":9374,"comment_status":"open","ping_status":"open","sticky":false,"template":"","format":"standard","meta":{"footnotes":""},"categories":[1],"tags":[103,42,8,24,145],"class_list":["post-9359","post","type-post","status-publish","format-standard","has-post-thumbnail","hentry","category-noticias","tag-1x10","tag-agua-potable","tag-nacionales","tag-pueblo-trabajador-del-agua","tag-tachira"],"_links":{"self":[{"href":"https:\/\/minaguas.gob.ve\/index.php?rest_route=\/wp\/v2\/posts\/9359","targetHints":{"allow":["GET"]}}],"collection":[{"href":"https:\/\/minaguas.gob.ve\/index.php?rest_route=\/wp\/v2\/posts"}],"about":[{"href":"https:\/\/minaguas.gob.ve\/index.php?rest_route=\/wp\/v2\/types\/post"}],"author":[{"embeddable":true,"href":"https:\/\/minaguas.gob.ve\/index.php?rest_route=\/wp\/v2\/users\/28"}],"replies":[{"embeddable":true,"href":"https:\/\/minaguas.gob.ve\/index.php?rest_route=%2Fwp%2Fv2%2Fcomments&post=9359"}],"version-history":[{"count":0,"href":"https:\/\/minaguas.gob.ve\/index.php?rest_route=\/wp\/v2\/posts\/9359\/revisions"}],"wp:featuredmedia":[{"embeddable":true,"href":"https:\/\/minaguas.gob.ve\/index.php?rest_route=\/wp\/v2\/media\/9374"}],"wp:attachment":[{"href":"https:\/\/minaguas.gob.ve\/index.php?rest_route=%2Fwp%2Fv2%2Fmedia&parent=9359"}],"wp:term":[{"taxonomy":"category","embeddable":true,"href":"https:\/\/minaguas.gob.ve\/index.php?rest_route=%2Fwp%2Fv2%2Fcategories&post=9359"},{"taxonomy":"post_tag","embeddable":true,"href":"https:\/\/minaguas.gob.ve\/index.php?rest_route=%2Fwp%2Fv2%2Ftags&post=9359"}],"curies":[{"name":"wp","href":"https:\/\/api.w.org\/{rel}","templated":true}]}}