{"id":9348,"date":"2024-05-03T16:06:53","date_gmt":"2024-05-03T20:06:53","guid":{"rendered":"https:\/\/minaguas.gob.ve\/?p=9348"},"modified":"2024-05-03T16:07:04","modified_gmt":"2024-05-03T20:07:04","slug":"hidrocentro-gobernacion-y-alcaldia-de-naguanagua-activan-pozo-profundo-en-la-comunidad","status":"publish","type":"post","link":"https:\/\/minaguas.gob.ve\/?p=9348","title":{"rendered":"Hidrocentro, Gobernaci\u00f3n y Alcald\u00eda de Naguanagua activan pozo profundo en la comunidad"},"content":{"rendered":"<div class=\"wp-block-image\">\n<figure class=\"aligncenter size-full\"><img loading=\"lazy\" decoding=\"async\" width=\"1000\" height=\"750\" src=\"https:\/\/minaguas.gob.ve\/wp-content\/uploads\/2024\/05\/IMG-20240503-WA0017.jpg\" alt=\"\" class=\"wp-image-9349\" \/><\/figure>\n<\/div>\n\n\n<p><\/p>\n\n\n\n<p><em>1&#215;10 del Buen Gobierno beneficia a m\u00e1s de 513 familias de La Campi\u00f1a<\/em><\/p>\n\n\n\n<p><strong>(Prensa MinAguas \/ Hidrocentro 03-05-2024).- <\/strong>Con la finalidad de avanzar hacia la meta del 95 % de solicitudes atendidas a trav\u00e9s del 1&#215;10 del Buen Gobierno, este jueves fue inaugurado y puesto en marcha el nuevo pozo profundo de la urbanizaci\u00f3n La Campi\u00f1a en el municipio Naguanagua del estado Carabobo.<\/p>\n\n\n\n<p>En este pozo fue instalado una tuber\u00eda de 8 pulgadas, una bomba sumergible de 30 Hp, y un cuerpo de bomba de presi\u00f3n, un banco de transformadores, tablero principal de potencia y tablero de control, ambos con todos sus elementos, tanto de protecci\u00f3n, sensores de nivel, parada por tiempo y parada por presi\u00f3n, con capacidad de abastecer el tanque principal de la comunidad en cinco horas, si est\u00e1 totalmente vac\u00edo.<\/p>\n\n\n\n<p>Acompa\u00f1ado por los integrantes de las Mesas T\u00e9cnicas de Agua, del pueblo organizado en el sector y la alcaldesa de Naguanagua, Ana Gonz\u00e1lez, el presidente de Hidrocentro, Leonel Ruiz, explic\u00f3 que esta acci\u00f3n fue en respuesta a la solicitud de la comunidad a trav\u00e9s de la L\u00ednea 58 de la aplicaci\u00f3n VenApp.<\/p>\n\n\n\n<p>Detall\u00f3 que el pozo de La Campi\u00f1a incorpora 18 litros por segundo al acueducto y red h\u00eddrica del sector en beneficio de 513 familias y m\u00e1s de tres mil habitantes de 11 conjuntos residenciales de este populoso sector del municipio Naguanagua.<\/p>\n\n\n\n<p>\u201cTodos nos desplegamos para atender los reportes de la herramienta magn\u00edfica que nos ha dado el presidente Nicol\u00e1s Maduro, que nos permite dar respuesta a esta comunidad organizada, poder popular en punta de lanza, acompa\u00f1\u00e1ndonos y d\u00e1ndose cuenta de estas victorias importantes para todos ellos. Este es un logro que genera un mejor vivir para estos vecinos y seguimos adelante con la esperanza que est\u00e1 en la calle\u201d, indic\u00f3 Ruiz.<\/p>\n\n\n\n<p>Asimismo, la jefa de UBCh La Campi\u00f1a, Yeuris Padr\u00f3n, agradeci\u00f3 en nombre de la comunidad por esa respuesta efectiva a sus solicitudes, \u201cestamos muy contentos porque ya tenemos un pozo nuevo en beneficio de 513 familias\u201d.<\/p>\n\n\n\n<figure class=\"wp-block-gallery has-nested-images columns-default is-cropped wp-block-gallery-1 is-layout-flex wp-block-gallery-is-layout-flex\">\n<figure class=\"wp-block-image size-large\"><img loading=\"lazy\" decoding=\"async\" width=\"746\" height=\"467\" data-id=\"9350\" src=\"https:\/\/minaguas.gob.ve\/wp-content\/uploads\/2024\/05\/IMG-20240503-WA0015.jpg\" alt=\"\" class=\"wp-image-9350\" \/><\/figure>\n\n\n\n<figure class=\"wp-block-image size-large\"><img loading=\"lazy\" decoding=\"async\" width=\"837\" height=\"472\" data-id=\"9351\" src=\"https:\/\/minaguas.gob.ve\/wp-content\/uploads\/2024\/05\/IMG-20240503-WA0019.jpg\" alt=\"\" class=\"wp-image-9351\" \/><\/figure>\n<\/figure>\n","protected":false},"excerpt":{"rendered":"<p>1&#215;10 del Buen Gobierno beneficia a m\u00e1s de 513 familias de La Campi\u00f1a (Prensa MinAguas \/ Hidrocentro 03-05-2024).- Con la finalidad de avanzar hacia la meta del 95 % de solicitudes atendidas a trav\u00e9s del 1&#215;10 del Buen Gobierno, este jueves fue inaugurado y puesto en marcha el nuevo pozo profundo de la urbanizaci\u00f3n La [&hellip;]<\/p>\n","protected":false},"author":28,"featured_media":9349,"comment_status":"open","ping_status":"open","sticky":false,"template":"","format":"standard","meta":{"footnotes":""},"categories":[1],"tags":[49,68,31,24,45],"class_list":["post-9348","post","type-post","status-publish","format-standard","has-post-thumbnail","hentry","category-noticias","tag-1x10-del-buen-gobierno","tag-hidrocentro","tag-pozos-profundos","tag-pueblo-trabajador-del-agua","tag-regionales"],"_links":{"self":[{"href":"https:\/\/minaguas.gob.ve\/index.php?rest_route=\/wp\/v2\/posts\/9348","targetHints":{"allow":["GET"]}}],"collection":[{"href":"https:\/\/minaguas.gob.ve\/index.php?rest_route=\/wp\/v2\/posts"}],"about":[{"href":"https:\/\/minaguas.gob.ve\/index.php?rest_route=\/wp\/v2\/types\/post"}],"author":[{"embeddable":true,"href":"https:\/\/minaguas.gob.ve\/index.php?rest_route=\/wp\/v2\/users\/28"}],"replies":[{"embeddable":true,"href":"https:\/\/minaguas.gob.ve\/index.php?rest_route=%2Fwp%2Fv2%2Fcomments&post=9348"}],"version-history":[{"count":0,"href":"https:\/\/minaguas.gob.ve\/index.php?rest_route=\/wp\/v2\/posts\/9348\/revisions"}],"wp:featuredmedia":[{"embeddable":true,"href":"https:\/\/minaguas.gob.ve\/index.php?rest_route=\/wp\/v2\/media\/9349"}],"wp:attachment":[{"href":"https:\/\/minaguas.gob.ve\/index.php?rest_route=%2Fwp%2Fv2%2Fmedia&parent=9348"}],"wp:term":[{"taxonomy":"category","embeddable":true,"href":"https:\/\/minaguas.gob.ve\/index.php?rest_route=%2Fwp%2Fv2%2Fcategories&post=9348"},{"taxonomy":"post_tag","embeddable":true,"href":"https:\/\/minaguas.gob.ve\/index.php?rest_route=%2Fwp%2Fv2%2Ftags&post=9348"}],"curies":[{"name":"wp","href":"https:\/\/api.w.org\/{rel}","templated":true}]}}