{"id":9296,"date":"2024-05-02T16:07:01","date_gmt":"2024-05-02T20:07:01","guid":{"rendered":"https:\/\/minaguas.gob.ve\/?p=9296"},"modified":"2024-05-02T16:07:01","modified_gmt":"2024-05-02T20:07:01","slug":"hidroandes-mejoro-servicio-de-agua-potable-a-150-habitantes-de-la-parroquia-mercedes-diaz","status":"publish","type":"post","link":"https:\/\/minaguas.gob.ve\/?p=9296","title":{"rendered":"Hidroandes mejor\u00f3 servicio de agua potable a 150 habitantes de la parroquia Mercedes D\u00edaz"},"content":{"rendered":"\n<p>(Prensa MinAguas \/ Hidroandes 02-05-2024).- La Hidrol\u00f3gica de la Cordillera Andina (Hidroandes), llevo a cabo la sustituci\u00f3n de un tramo de tuber\u00eda de 24 metros lineales, permitiendo corregir aver\u00eda y mejorar el caudal, a fin de alcanzar una capacidad de abastecimiento de 1.5 litros por segundo de agua a los habitantes de la urbanizaci\u00f3n Don R\u00f3mulo Betancourt, de la parroquia Mercedes D\u00edaz, municipio Valera del estado Trujillo.<\/p>\n\n\n\n<p>La Fuerza Trabajadora de Hidroandes realiz\u00f3 trabajos de excavaci\u00f3n en tuber\u00eda PEAD de 32 mil\u00edmetros. Trabajos que se atendieron a traves del reporte generado por el Sistema 1&#215;10 del Buen Gobierno.<\/p>\n\n\n\n<p>El se\u00f1or Luis Aldana, habitante de la comunidad, expres\u00f3 su agradecimiento al presidente Nicol\u00e1s Maduro y la L\u00ednea 58 VenAapp por el apoyo.<\/p>\n\n\n\n<p>Hidroandes reiter\u00f3 el compromiso con el pueblo, garantizando servicios b\u00e1sicos de calidad en materia de agua.<\/p>\n\n\n\n<figure class=\"wp-block-gallery has-nested-images columns-default is-cropped wp-block-gallery-1 is-layout-flex wp-block-gallery-is-layout-flex\">\n<figure class=\"wp-block-image size-large\"><img loading=\"lazy\" decoding=\"async\" width=\"787\" height=\"429\" data-id=\"9299\" src=\"https:\/\/minaguas.gob.ve\/wp-content\/uploads\/2024\/05\/WhatsApp-Image-2024-05-02-at-16.05.52.jpeg\" alt=\"\" class=\"wp-image-9299\" \/><\/figure>\n<\/figure>\n","protected":false},"excerpt":{"rendered":"<p>(Prensa MinAguas \/ Hidroandes 02-05-2024).- La Hidrol\u00f3gica de la Cordillera Andina (Hidroandes), llevo a cabo la sustituci\u00f3n de un tramo de tuber\u00eda de 24 metros lineales, permitiendo corregir aver\u00eda y mejorar el caudal, a fin de alcanzar una capacidad de abastecimiento de 1.5 litros por segundo de agua a los habitantes de la urbanizaci\u00f3n Don [&hellip;]<\/p>\n","protected":false},"author":28,"featured_media":9299,"comment_status":"open","ping_status":"open","sticky":false,"template":"","format":"standard","meta":{"footnotes":""},"categories":[1],"tags":[49,42,8,31,24,45],"class_list":["post-9296","post","type-post","status-publish","format-standard","has-post-thumbnail","hentry","category-noticias","tag-1x10-del-buen-gobierno","tag-agua-potable","tag-nacionales","tag-pozos-profundos","tag-pueblo-trabajador-del-agua","tag-regionales"],"_links":{"self":[{"href":"https:\/\/minaguas.gob.ve\/index.php?rest_route=\/wp\/v2\/posts\/9296","targetHints":{"allow":["GET"]}}],"collection":[{"href":"https:\/\/minaguas.gob.ve\/index.php?rest_route=\/wp\/v2\/posts"}],"about":[{"href":"https:\/\/minaguas.gob.ve\/index.php?rest_route=\/wp\/v2\/types\/post"}],"author":[{"embeddable":true,"href":"https:\/\/minaguas.gob.ve\/index.php?rest_route=\/wp\/v2\/users\/28"}],"replies":[{"embeddable":true,"href":"https:\/\/minaguas.gob.ve\/index.php?rest_route=%2Fwp%2Fv2%2Fcomments&post=9296"}],"version-history":[{"count":0,"href":"https:\/\/minaguas.gob.ve\/index.php?rest_route=\/wp\/v2\/posts\/9296\/revisions"}],"wp:featuredmedia":[{"embeddable":true,"href":"https:\/\/minaguas.gob.ve\/index.php?rest_route=\/wp\/v2\/media\/9299"}],"wp:attachment":[{"href":"https:\/\/minaguas.gob.ve\/index.php?rest_route=%2Fwp%2Fv2%2Fmedia&parent=9296"}],"wp:term":[{"taxonomy":"category","embeddable":true,"href":"https:\/\/minaguas.gob.ve\/index.php?rest_route=%2Fwp%2Fv2%2Fcategories&post=9296"},{"taxonomy":"post_tag","embeddable":true,"href":"https:\/\/minaguas.gob.ve\/index.php?rest_route=%2Fwp%2Fv2%2Ftags&post=9296"}],"curies":[{"name":"wp","href":"https:\/\/api.w.org\/{rel}","templated":true}]}}