{"id":927,"date":"2021-09-04T21:47:55","date_gmt":"2021-09-05T01:47:55","guid":{"rendered":"https:\/\/minaguas.gob.ve\/?p=927"},"modified":"2021-09-04T21:59:14","modified_gmt":"2021-09-05T01:59:14","slug":"wuinpala-aumenta-produccion-de-agua-potable-para-el-noroeste-de-maracaibo-mara-y-almirante-padilla","status":"publish","type":"post","link":"https:\/\/minaguas.gob.ve\/?p=927","title":{"rendered":"Wuinpala aumenta producci\u00f3n de agua potable para el noroeste de Maracaibo, Mara y Almirante Padilla"},"content":{"rendered":"\n<div class=\"wp-block-image\"><figure class=\"aligncenter size-full\"><img loading=\"lazy\" decoding=\"async\" width=\"720\" height=\"465\" src=\"https:\/\/minaguas.gob.ve\/wp-content\/uploads\/2021\/09\/WhatsApp-Image-2021-09-04-at-9.15.11-PM-1.jpeg\" alt=\"\" class=\"wp-image-928\" srcset=\"https:\/\/minaguas.gob.ve\/wp-content\/uploads\/2021\/09\/WhatsApp-Image-2021-09-04-at-9.15.11-PM-1.jpeg 720w, https:\/\/minaguas.gob.ve\/wp-content\/uploads\/2021\/09\/WhatsApp-Image-2021-09-04-at-9.15.11-PM-1-300x194.jpeg 300w\" sizes=\"auto, (max-width: 720px) 100vw, 720px\" \/><\/figure><\/div>\n\n\n\n<p><strong><em> El ingeniero Jorge Silva, presidente de Hidrolago, detall\u00f3 que los \u00faltimos trabajos, realizados a trav\u00e9s del convenio MinAguas &#8211; Unicef \u200b\u200b- Hidrolago, buscan cubrir la demanda en las \u00e1reas con deficiencia del servicio en la entidad. <\/em><\/strong><\/p>\n\n\n\n<p><strong>Prensa MinAguas\/Hidrolago (04-09-2021)- <\/strong>La Planta Potabilizadora de Agua Wuinpala, ubicada en la zona norte del municipio Mara del estado Zulia, avanza con el 95% en los trabajos de reparaci\u00f3n y adecuaci\u00f3n de su estructura para la producci\u00f3n y potabilizaci\u00f3n de agua.<\/p>\n\n\n\n<p>La misma se prepara para entregar en los pr\u00f3ximos d\u00edas 2.800 litros de agua por segundo en las parroquias del noroeste de Maracaibo, con una cantidad de 1.600 litros adicionales a los 1.200 que ofrec\u00eda en los diferentes sectores de la capital zuliana.<\/p>\n\n\n\n<p>El ingeniero Jorge Silva, presidente de Hidrolago, detall\u00f3 que los \u00faltimos trabajos, realizados a trav\u00e9s del convenio MinAguas &#8211; Unicef \u200b\u200b- Hidrolago, buscan cubrir la demanda en las \u00e1reas con deficiencia del servicio en la entidad.<\/p>\n\n\n\n<p>El titular de la cartera h\u00eddrica del Zulia se\u00f1al\u00f3 que la rehabilitaci\u00f3n de la planta beneficiar\u00e1 tambi\u00e9n al resto de las zonas marabinas y metropolitanas del estado, porque el caudal que era empleado desde Planta C para el noroeste, ser\u00e1 distribuido hacia el norte y sur de la ciudad, para permitir llegar a sectores que hist\u00f3ricamente ven\u00edan presentando problemas con el suministro de agua.<\/p>\n\n\n\n<p><strong>T: Ivis Ariza<br>F: Hidrolago<\/strong><\/p>\n\n\n\n<figure class=\"wp-block-gallery columns-3 is-cropped wp-block-gallery-1 is-layout-flex wp-block-gallery-is-layout-flex\"><ul class=\"blocks-gallery-grid\"><li class=\"blocks-gallery-item\"><figure><img loading=\"lazy\" decoding=\"async\" width=\"720\" height=\"474\" src=\"https:\/\/minaguas.gob.ve\/wp-content\/uploads\/2021\/09\/WhatsApp-Image-2021-09-04-at-9.15.12-PM.jpeg\" alt=\"\" data-id=\"929\" data-full-url=\"https:\/\/minaguas.gob.ve\/wp-content\/uploads\/2021\/09\/WhatsApp-Image-2021-09-04-at-9.15.12-PM.jpeg\" data-link=\"https:\/\/minaguas.gob.ve\/?attachment_id=929\" class=\"wp-image-929\" srcset=\"https:\/\/minaguas.gob.ve\/wp-content\/uploads\/2021\/09\/WhatsApp-Image-2021-09-04-at-9.15.12-PM.jpeg 720w, https:\/\/minaguas.gob.ve\/wp-content\/uploads\/2021\/09\/WhatsApp-Image-2021-09-04-at-9.15.12-PM-300x198.jpeg 300w\" sizes=\"auto, (max-width: 720px) 100vw, 720px\" \/><\/figure><\/li><li class=\"blocks-gallery-item\"><figure><img loading=\"lazy\" decoding=\"async\" width=\"1024\" height=\"768\" src=\"https:\/\/minaguas.gob.ve\/wp-content\/uploads\/2021\/09\/WhatsApp-Image-2021-09-04-at-9.15.11-PM-2-1024x768.jpeg\" alt=\"\" data-id=\"930\" data-full-url=\"https:\/\/minaguas.gob.ve\/wp-content\/uploads\/2021\/09\/WhatsApp-Image-2021-09-04-at-9.15.11-PM-2.jpeg\" data-link=\"https:\/\/minaguas.gob.ve\/?attachment_id=930\" class=\"wp-image-930\" srcset=\"https:\/\/minaguas.gob.ve\/wp-content\/uploads\/2021\/09\/WhatsApp-Image-2021-09-04-at-9.15.11-PM-2-1024x768.jpeg 1024w, https:\/\/minaguas.gob.ve\/wp-content\/uploads\/2021\/09\/WhatsApp-Image-2021-09-04-at-9.15.11-PM-2-300x225.jpeg 300w, https:\/\/minaguas.gob.ve\/wp-content\/uploads\/2021\/09\/WhatsApp-Image-2021-09-04-at-9.15.11-PM-2-768x576.jpeg 768w, https:\/\/minaguas.gob.ve\/wp-content\/uploads\/2021\/09\/WhatsApp-Image-2021-09-04-at-9.15.11-PM-2.jpeg 1280w\" sizes=\"auto, (max-width: 1024px) 100vw, 1024px\" \/><\/figure><\/li><li class=\"blocks-gallery-item\"><figure><img loading=\"lazy\" decoding=\"async\" width=\"1024\" height=\"768\" src=\"https:\/\/minaguas.gob.ve\/wp-content\/uploads\/2021\/09\/WhatsApp-Image-2021-09-04-at-9.15.11-PM-1024x768.jpeg\" alt=\"\" data-id=\"932\" data-full-url=\"https:\/\/minaguas.gob.ve\/wp-content\/uploads\/2021\/09\/WhatsApp-Image-2021-09-04-at-9.15.11-PM.jpeg\" data-link=\"https:\/\/minaguas.gob.ve\/?attachment_id=932\" class=\"wp-image-932\" srcset=\"https:\/\/minaguas.gob.ve\/wp-content\/uploads\/2021\/09\/WhatsApp-Image-2021-09-04-at-9.15.11-PM-1024x768.jpeg 1024w, https:\/\/minaguas.gob.ve\/wp-content\/uploads\/2021\/09\/WhatsApp-Image-2021-09-04-at-9.15.11-PM-300x225.jpeg 300w, https:\/\/minaguas.gob.ve\/wp-content\/uploads\/2021\/09\/WhatsApp-Image-2021-09-04-at-9.15.11-PM-768x576.jpeg 768w, https:\/\/minaguas.gob.ve\/wp-content\/uploads\/2021\/09\/WhatsApp-Image-2021-09-04-at-9.15.11-PM.jpeg 1080w\" sizes=\"auto, (max-width: 1024px) 100vw, 1024px\" \/><\/figure><\/li><\/ul><\/figure>\n","protected":false},"excerpt":{"rendered":"<p>El ingeniero Jorge Silva, presidente de Hidrolago, detall\u00f3 que los \u00faltimos trabajos, realizados a trav\u00e9s del convenio MinAguas &#8211; Unicef \u200b\u200b- Hidrolago, buscan cubrir la demanda en las \u00e1reas con deficiencia del servicio en la entidad. Prensa MinAguas\/Hidrolago (04-09-2021)- La Planta Potabilizadora de Agua Wuinpala, ubicada en la zona norte del municipio Mara del estado [&hellip;]<\/p>\n","protected":false},"author":28,"featured_media":928,"comment_status":"open","ping_status":"open","sticky":false,"template":"","format":"standard","meta":{"footnotes":""},"categories":[1],"tags":[8],"class_list":["post-927","post","type-post","status-publish","format-standard","has-post-thumbnail","hentry","category-noticias","tag-nacionales"],"_links":{"self":[{"href":"https:\/\/minaguas.gob.ve\/index.php?rest_route=\/wp\/v2\/posts\/927","targetHints":{"allow":["GET"]}}],"collection":[{"href":"https:\/\/minaguas.gob.ve\/index.php?rest_route=\/wp\/v2\/posts"}],"about":[{"href":"https:\/\/minaguas.gob.ve\/index.php?rest_route=\/wp\/v2\/types\/post"}],"author":[{"embeddable":true,"href":"https:\/\/minaguas.gob.ve\/index.php?rest_route=\/wp\/v2\/users\/28"}],"replies":[{"embeddable":true,"href":"https:\/\/minaguas.gob.ve\/index.php?rest_route=%2Fwp%2Fv2%2Fcomments&post=927"}],"version-history":[{"count":0,"href":"https:\/\/minaguas.gob.ve\/index.php?rest_route=\/wp\/v2\/posts\/927\/revisions"}],"wp:featuredmedia":[{"embeddable":true,"href":"https:\/\/minaguas.gob.ve\/index.php?rest_route=\/wp\/v2\/media\/928"}],"wp:attachment":[{"href":"https:\/\/minaguas.gob.ve\/index.php?rest_route=%2Fwp%2Fv2%2Fmedia&parent=927"}],"wp:term":[{"taxonomy":"category","embeddable":true,"href":"https:\/\/minaguas.gob.ve\/index.php?rest_route=%2Fwp%2Fv2%2Fcategories&post=927"},{"taxonomy":"post_tag","embeddable":true,"href":"https:\/\/minaguas.gob.ve\/index.php?rest_route=%2Fwp%2Fv2%2Ftags&post=927"}],"curies":[{"name":"wp","href":"https:\/\/api.w.org\/{rel}","templated":true}]}}