{"id":9196,"date":"2024-04-29T16:47:21","date_gmt":"2024-04-29T20:47:21","guid":{"rendered":"https:\/\/minaguas.gob.ve\/?p=9196"},"modified":"2024-04-29T16:47:21","modified_gmt":"2024-04-29T20:47:21","slug":"aguas-de-merida-ejecuto-plan-cayapa-en-jardines-de-alto-chama","status":"publish","type":"post","link":"https:\/\/minaguas.gob.ve\/?p=9196","title":{"rendered":"Aguas de M\u00e9rida ejecut\u00f3 Plan Cayapa en Jardines de Alto Chama"},"content":{"rendered":"<div class=\"wp-block-image\">\n<figure class=\"aligncenter size-full\"><img loading=\"lazy\" decoding=\"async\" width=\"960\" height=\"540\" src=\"https:\/\/minaguas.gob.ve\/wp-content\/uploads\/2024\/04\/Viernes-1.jpg\" alt=\"\" class=\"wp-image-9199\" \/><\/figure>\n<\/div>\n\n\n<p><\/p>\n\n\n\n<p><strong>(Prensa MinAguas \/ Aguas de M\u00e9rida 29-04-2024).-<\/strong> Dando respuesta al reporte efectuado en la plataforma implementada por el presidente Nicol\u00e1s Maduro del 1&#215;10 del Buen Gobierno, por integrantes de la comunidad de los Jardines de Alto Chama en la parroquia Juan Rodr\u00edguez Su\u00e1rez, la Fuerza Trabajadora de Aguas de M\u00e9rida repar\u00f3 un tramo de colector de aguas servidas, en beneficio de 72 familias.<\/p>\n\n\n\n<p>As\u00ed lo inform\u00f3 la presidenta de Aguas de M\u00e9rida, Leida M\u00e1rquez, quien explic\u00f3 que se hizo uso de maquinaria pesada para romper 15 metros de asfalto, con una profundidad de m\u00e1s de dos metros, que es donde est\u00e1 el sistema de aguas servidas y, posteriormente, sustituir 20 metros lineales de tuber\u00eda de 10 pulgadas.<\/p>\n\n\n\n<p>Finalmente, indic\u00f3 que gracias a las pol\u00edticas del presidente Nicol\u00e1s Maduro, en articulaci\u00f3n con MinAguas, Aguas de M\u00e9rida y el gobernador Jehyson Guzm\u00e1n, logran consolidar acciones que permiten mejorar la calidad de vida de la poblaci\u00f3n.<\/p>\n\n\n\n<p>Por otra parte, el residente de la localidad, Julio C\u00e1ceres, se\u00f1al\u00f3 que \u00abestamos muy agradecidos porque en nos escucharon y aqu\u00ed esta toda la gente de Aguas de M\u00e9rida, con maquinarias y herramientas para solventar la situaci\u00f3n\u00bb.<\/p>\n\n\n\n<figure class=\"wp-block-gallery has-nested-images columns-default is-cropped wp-block-gallery-1 is-layout-flex wp-block-gallery-is-layout-flex\">\n<figure class=\"wp-block-image size-large\"><img loading=\"lazy\" decoding=\"async\" width=\"1080\" height=\"810\" data-id=\"9198\" src=\"https:\/\/minaguas.gob.ve\/wp-content\/uploads\/2024\/04\/Viernes-3.jpg\" alt=\"\" class=\"wp-image-9198\" \/><\/figure>\n\n\n\n<figure class=\"wp-block-image size-full\"><img loading=\"lazy\" decoding=\"async\" width=\"960\" height=\"540\" data-id=\"9197\" src=\"https:\/\/minaguas.gob.ve\/wp-content\/uploads\/2024\/04\/Viernes-4.jpg\" alt=\"\" class=\"wp-image-9197\" \/><\/figure>\n<\/figure>\n","protected":false},"excerpt":{"rendered":"<p>(Prensa MinAguas \/ Aguas de M\u00e9rida 29-04-2024).- Dando respuesta al reporte efectuado en la plataforma implementada por el presidente Nicol\u00e1s Maduro del 1&#215;10 del Buen Gobierno, por integrantes de la comunidad de los Jardines de Alto Chama en la parroquia Juan Rodr\u00edguez Su\u00e1rez, la Fuerza Trabajadora de Aguas de M\u00e9rida repar\u00f3 un tramo de colector [&hellip;]<\/p>\n","protected":false},"author":28,"featured_media":9199,"comment_status":"open","ping_status":"open","sticky":false,"template":"","format":"standard","meta":{"footnotes":""},"categories":[1],"tags":[76,163,24,45],"class_list":["post-9196","post","type-post","status-publish","format-standard","has-post-thumbnail","hentry","category-noticias","tag-aguas-de-merida","tag-plan-cayapa","tag-pueblo-trabajador-del-agua","tag-regionales"],"_links":{"self":[{"href":"https:\/\/minaguas.gob.ve\/index.php?rest_route=\/wp\/v2\/posts\/9196","targetHints":{"allow":["GET"]}}],"collection":[{"href":"https:\/\/minaguas.gob.ve\/index.php?rest_route=\/wp\/v2\/posts"}],"about":[{"href":"https:\/\/minaguas.gob.ve\/index.php?rest_route=\/wp\/v2\/types\/post"}],"author":[{"embeddable":true,"href":"https:\/\/minaguas.gob.ve\/index.php?rest_route=\/wp\/v2\/users\/28"}],"replies":[{"embeddable":true,"href":"https:\/\/minaguas.gob.ve\/index.php?rest_route=%2Fwp%2Fv2%2Fcomments&post=9196"}],"version-history":[{"count":0,"href":"https:\/\/minaguas.gob.ve\/index.php?rest_route=\/wp\/v2\/posts\/9196\/revisions"}],"wp:featuredmedia":[{"embeddable":true,"href":"https:\/\/minaguas.gob.ve\/index.php?rest_route=\/wp\/v2\/media\/9199"}],"wp:attachment":[{"href":"https:\/\/minaguas.gob.ve\/index.php?rest_route=%2Fwp%2Fv2%2Fmedia&parent=9196"}],"wp:term":[{"taxonomy":"category","embeddable":true,"href":"https:\/\/minaguas.gob.ve\/index.php?rest_route=%2Fwp%2Fv2%2Fcategories&post=9196"},{"taxonomy":"post_tag","embeddable":true,"href":"https:\/\/minaguas.gob.ve\/index.php?rest_route=%2Fwp%2Fv2%2Ftags&post=9196"}],"curies":[{"name":"wp","href":"https:\/\/api.w.org\/{rel}","templated":true}]}}