{"id":895,"date":"2021-09-01T14:26:40","date_gmt":"2021-09-01T18:26:40","guid":{"rendered":"https:\/\/minaguas.gob.ve\/?p=895"},"modified":"2021-09-01T14:26:40","modified_gmt":"2021-09-01T18:26:40","slug":"hidrolago-extendera-esquemas-de-servicios-para-abastecer-sectores-en-maracaibo","status":"publish","type":"post","link":"https:\/\/minaguas.gob.ve\/?p=895","title":{"rendered":"Hidrolago extender\u00e1 Esquemas de Servicios para abastecer sectores en Maracaibo"},"content":{"rendered":"\n<div class=\"wp-block-image\"><figure class=\"aligncenter size-large\"><img loading=\"lazy\" decoding=\"async\" width=\"1024\" height=\"665\" src=\"https:\/\/minaguas.gob.ve\/wp-content\/uploads\/2021\/09\/WhatsApp-Image-2021-09-01-at-1.59.06-PM-1024x665.jpeg\" alt=\"\" class=\"wp-image-896\" srcset=\"https:\/\/minaguas.gob.ve\/wp-content\/uploads\/2021\/09\/WhatsApp-Image-2021-09-01-at-1.59.06-PM-1024x665.jpeg 1024w, https:\/\/minaguas.gob.ve\/wp-content\/uploads\/2021\/09\/WhatsApp-Image-2021-09-01-at-1.59.06-PM-300x195.jpeg 300w, https:\/\/minaguas.gob.ve\/wp-content\/uploads\/2021\/09\/WhatsApp-Image-2021-09-01-at-1.59.06-PM-768x498.jpeg 768w, https:\/\/minaguas.gob.ve\/wp-content\/uploads\/2021\/09\/WhatsApp-Image-2021-09-01-at-1.59.06-PM.jpeg 1080w\" sizes=\"auto, (max-width: 1024px) 100vw, 1024px\" \/><\/figure><\/div>\n\n\n\n<p><strong><em>D<\/em><\/strong><span><em><strong>esde <\/strong><strong style=\"font-style: italic\">las 8:00 p.m. del 31 de agosto se activ\u00f3 el bombeo Sur por Estanque Redondo, el cual favorecer\u00e1 las parroquias Cristo de Aranza<\/strong><\/em><\/span>,<span><em><strong style=\"font-style: italic\"> Manuel Dagnino y toda la red central y la red media que abarcan Santa Luc\u00eda y Bol\u00edvar. <\/strong><\/em><\/span><\/p>\n\n\n\n<p>Pr<strong>ensa MinAguas (01-09-2021)<\/strong> Luego de culminadas las acciones de los planes de reparaci\u00f3n de fugas en las aducciones principales y matrices secundarias de Tul\u00e9, que permitieron la recuperaci\u00f3n de m\u00e1s de 2 mil litros de agua por segundo dirigidos a Planta C para beneficiar a m\u00e1s de 2 millones de zulianos, se inici\u00f3 para Maracaibo el denominado Esquema del Servicio Sur que permitir\u00e1 abastecer sectores como Altos del Sol Amado, La Chamarreta, Integraci\u00f3n Comunal, Corea y otros que hist\u00f3ricamente han manifestado problemas relacionados con el sistema h\u00eddrico.<\/p>\n\n\n\n<p>As\u00ed lo inform\u00f3 el ingeniero Jorge Silva, presidente de Hidrolago, quien destac\u00f3 que desde las 8:00 p.m. del 31 de agosto se activ\u00f3 el bombeo Sur por Estanque Redondo, el cual favorecer\u00eda los sectores La Arreaga, Pomona, La Richmond, La Portuaria, Haticos y Corito, entre otros de Cristo de Aranza; as\u00ed como Los Estanques Lago Azul, Brisas del Sur, Barrio San Pedro y El Pinar en la parroquia Manuel Dagnino, y toda la red central y la red media que abarcan Santa Luc\u00eda y Bol\u00edvar.<\/p>\n\n\n\n<p>Expres\u00f3 que es de vital importancia que los promotores comunitarios de la hidrol\u00f3gica se involucren con el reporte de la cobertura del servicio, a objeto de poder construir lo m\u00e1s fidedignamente posible el mapa de zonas servidas para que en los pr\u00f3ximos servicios se puedan tener mejores condiciones operativas y lograr satisfacer totalmente la zona.<\/p>\n\n\n\n<p>Este esquema culminar\u00e1 el d\u00eda jueves 02 de septiembre, cuando en horas de la noche se cambie al Servicio Norte, cuyas horas de suministro tambi\u00e9n se extender\u00e1n a fin de llevar el vital l\u00edquido a aquellos lugares donde, por falta de presi\u00f3n, no llega hasta ahora. Este resultado se ver\u00e1 consolidado positivamente, la venidera semana, cuando se inicie la distribuci\u00f3n regular y efectiva de la Planta Potabilizadora Wuinpala hacia la zona noroeste de Maracaibo, donde m\u00e1s de 100 sectores que conforman las parroquias Venancio Pulgar, San Isidro, Idelfonso V\u00e1squez, Ra\u00fal Leoni, Francisco Eugenio Bustamante, entre otras, disfrutar\u00e1n de una distribuci\u00f3n permanente de agua potable, recalc\u00f3 el ingeniero Silva.<\/p>\n\n\n\n<p>Finalmente, la autoridad en materia de agua hizo un llamado a la poblaci\u00f3n a tener paciencia porque Hidrolago, con apoyo de los tres niveles de gobierno, trabaja en funci\u00f3n de avanzar para ofrecer bienestar al pueblo zuliano. Igualmente inst\u00f3 a hacer uso consiente y eficiente del vital l\u00edquido y, por supuesto, a informarles a sus promotores comunales el comportamiento del mismo en su calle, sector y parroquia, as\u00ed como su calidad y duraci\u00f3n para generar un \u00f3ptimo monitoreo en las zonas de servicio por parte de la Sala Situacional.<\/p>\n\n\n\n<figure class=\"wp-block-gallery columns-2 is-cropped wp-block-gallery-1 is-layout-flex wp-block-gallery-is-layout-flex\"><ul class=\"blocks-gallery-grid\"><li class=\"blocks-gallery-item\"><figure><img loading=\"lazy\" decoding=\"async\" width=\"576\" height=\"1024\" src=\"https:\/\/minaguas.gob.ve\/wp-content\/uploads\/2021\/09\/WhatsApp-Image-2021-09-01-at-1.59.02-PM-576x1024.jpeg\" alt=\"\" data-id=\"897\" data-full-url=\"https:\/\/minaguas.gob.ve\/wp-content\/uploads\/2021\/09\/WhatsApp-Image-2021-09-01-at-1.59.02-PM.jpeg\" data-link=\"https:\/\/minaguas.gob.ve\/?attachment_id=897\" class=\"wp-image-897\" srcset=\"https:\/\/minaguas.gob.ve\/wp-content\/uploads\/2021\/09\/WhatsApp-Image-2021-09-01-at-1.59.02-PM-576x1024.jpeg 576w, https:\/\/minaguas.gob.ve\/wp-content\/uploads\/2021\/09\/WhatsApp-Image-2021-09-01-at-1.59.02-PM-169x300.jpeg 169w, https:\/\/minaguas.gob.ve\/wp-content\/uploads\/2021\/09\/WhatsApp-Image-2021-09-01-at-1.59.02-PM.jpeg 607w\" sizes=\"auto, (max-width: 576px) 100vw, 576px\" \/><\/figure><\/li><li class=\"blocks-gallery-item\"><figure><img loading=\"lazy\" decoding=\"async\" width=\"576\" height=\"1024\" src=\"https:\/\/minaguas.gob.ve\/wp-content\/uploads\/2021\/09\/WhatsApp-Image-2021-09-01-at-1.59.03-PM-576x1024.jpeg\" alt=\"\" data-id=\"898\" data-full-url=\"https:\/\/minaguas.gob.ve\/wp-content\/uploads\/2021\/09\/WhatsApp-Image-2021-09-01-at-1.59.03-PM.jpeg\" data-link=\"https:\/\/minaguas.gob.ve\/?attachment_id=898\" class=\"wp-image-898\" srcset=\"https:\/\/minaguas.gob.ve\/wp-content\/uploads\/2021\/09\/WhatsApp-Image-2021-09-01-at-1.59.03-PM-576x1024.jpeg 576w, https:\/\/minaguas.gob.ve\/wp-content\/uploads\/2021\/09\/WhatsApp-Image-2021-09-01-at-1.59.03-PM-169x300.jpeg 169w, https:\/\/minaguas.gob.ve\/wp-content\/uploads\/2021\/09\/WhatsApp-Image-2021-09-01-at-1.59.03-PM.jpeg 607w\" sizes=\"auto, (max-width: 576px) 100vw, 576px\" \/><\/figure><\/li><li class=\"blocks-gallery-item\"><figure><img loading=\"lazy\" decoding=\"async\" width=\"684\" height=\"663\" src=\"https:\/\/minaguas.gob.ve\/wp-content\/uploads\/2021\/09\/WhatsApp-Image-2021-09-01-at-1.59.04-PM.jpeg\" alt=\"\" data-id=\"899\" data-full-url=\"https:\/\/minaguas.gob.ve\/wp-content\/uploads\/2021\/09\/WhatsApp-Image-2021-09-01-at-1.59.04-PM.jpeg\" data-link=\"https:\/\/minaguas.gob.ve\/?attachment_id=899\" class=\"wp-image-899\" srcset=\"https:\/\/minaguas.gob.ve\/wp-content\/uploads\/2021\/09\/WhatsApp-Image-2021-09-01-at-1.59.04-PM.jpeg 684w, https:\/\/minaguas.gob.ve\/wp-content\/uploads\/2021\/09\/WhatsApp-Image-2021-09-01-at-1.59.04-PM-300x291.jpeg 300w\" sizes=\"auto, (max-width: 684px) 100vw, 684px\" \/><\/figure><\/li><\/ul><\/figure>\n","protected":false},"excerpt":{"rendered":"<p>Desde las 8:00 p.m. del 31 de agosto se activ\u00f3 el bombeo Sur por Estanque Redondo, el cual favorecer\u00e1 las parroquias Cristo de Aranza, Manuel Dagnino y toda la red central y la red media que abarcan Santa Luc\u00eda y Bol\u00edvar. Prensa MinAguas (01-09-2021) Luego de culminadas las acciones de los planes de reparaci\u00f3n de [&hellip;]<\/p>\n","protected":false},"author":28,"featured_media":896,"comment_status":"open","ping_status":"open","sticky":false,"template":"","format":"standard","meta":{"footnotes":""},"categories":[1],"tags":[8],"class_list":["post-895","post","type-post","status-publish","format-standard","has-post-thumbnail","hentry","category-noticias","tag-nacionales"],"_links":{"self":[{"href":"https:\/\/minaguas.gob.ve\/index.php?rest_route=\/wp\/v2\/posts\/895","targetHints":{"allow":["GET"]}}],"collection":[{"href":"https:\/\/minaguas.gob.ve\/index.php?rest_route=\/wp\/v2\/posts"}],"about":[{"href":"https:\/\/minaguas.gob.ve\/index.php?rest_route=\/wp\/v2\/types\/post"}],"author":[{"embeddable":true,"href":"https:\/\/minaguas.gob.ve\/index.php?rest_route=\/wp\/v2\/users\/28"}],"replies":[{"embeddable":true,"href":"https:\/\/minaguas.gob.ve\/index.php?rest_route=%2Fwp%2Fv2%2Fcomments&post=895"}],"version-history":[{"count":0,"href":"https:\/\/minaguas.gob.ve\/index.php?rest_route=\/wp\/v2\/posts\/895\/revisions"}],"wp:featuredmedia":[{"embeddable":true,"href":"https:\/\/minaguas.gob.ve\/index.php?rest_route=\/wp\/v2\/media\/896"}],"wp:attachment":[{"href":"https:\/\/minaguas.gob.ve\/index.php?rest_route=%2Fwp%2Fv2%2Fmedia&parent=895"}],"wp:term":[{"taxonomy":"category","embeddable":true,"href":"https:\/\/minaguas.gob.ve\/index.php?rest_route=%2Fwp%2Fv2%2Fcategories&post=895"},{"taxonomy":"post_tag","embeddable":true,"href":"https:\/\/minaguas.gob.ve\/index.php?rest_route=%2Fwp%2Fv2%2Ftags&post=895"}],"curies":[{"name":"wp","href":"https:\/\/api.w.org\/{rel}","templated":true}]}}