{"id":8771,"date":"2024-04-09T12:04:21","date_gmt":"2024-04-09T16:04:21","guid":{"rendered":"https:\/\/minaguas.gob.ve\/?p=8771"},"modified":"2024-04-09T12:17:04","modified_gmt":"2024-04-09T16:17:04","slug":"avance-en-90-rehabilitacion-integral-del-acueducto-de-tucani-en-la-panamericana-de-merida","status":"publish","type":"post","link":"https:\/\/minaguas.gob.ve\/?p=8771","title":{"rendered":"Avanza en 90 % rehabilitaci\u00f3n integral del acueducto de Tucan\u00ed en la Panamericana de M\u00e9rida"},"content":{"rendered":"\n<figure class=\"wp-block-gallery has-nested-images columns-default is-cropped wp-block-gallery-1 is-layout-flex wp-block-gallery-is-layout-flex\">\n<figure class=\"wp-block-image size-large\"><img loading=\"lazy\" decoding=\"async\" width=\"1280\" height=\"963\" data-id=\"8775\" src=\"https:\/\/minaguas.gob.ve\/wp-content\/uploads\/2024\/04\/Inspeccion-Tucani-4.jpg\" alt=\"\" class=\"wp-image-8775\" \/><\/figure>\n\n\n\n<figure class=\"wp-block-image size-large\"><img loading=\"lazy\" decoding=\"async\" width=\"1080\" height=\"1080\" data-id=\"8776\" src=\"https:\/\/minaguas.gob.ve\/wp-content\/uploads\/2024\/04\/Inspeccion-Tucani-3-1.jpg\" alt=\"\" class=\"wp-image-8776\" \/><\/figure>\n<\/figure>\n\n\n\n<p><\/p>\n\n\n\n<p><strong>(Prensa MinAguas \/ Aguas de M\u00e9rida 09-04-2024).- <\/strong>Gracias al apoyo del presidente Nicol\u00e1s Maduro, a trav\u00e9s del Ministerio del Poder Popular de Atenci\u00f3n de las Aguas, la Fuerza Trabajadora de Aguas de M\u00e9rida concret\u00f3 el 90 % de avances en la rehabilitaci\u00f3n integral del acueducto de Tucan\u00ed, en la Panamericana de M\u00e9rida.<\/p>\n\n\n\n<p>As\u00ed lo inform\u00f3 la presidenta de Aguas de M\u00e9rida, Le\u00edda M\u00e1rquez, quien efectu\u00f3 una inspecci\u00f3n acompa\u00f1ada de ingenieros y t\u00e9cnicos de la hidrol\u00f3gica meride\u00f1a, al avance de obras y explic\u00f3 que se est\u00e1n efectuando las excavaciones de zanjas para la colocaci\u00f3n de mil 200 metros de tuber\u00eda Pead de 16 pulgadas.<\/p>\n\n\n\n<p>\u201cConstruimos las piezas para empalmar tuber\u00edas de acero y tuber\u00edas de Pead desde la salida de desarenadores a la taquilla de salida; se lleva a cabo la construcci\u00f3n de rebose de tranquila de salida con tuber\u00eda de acero de 12 pulgadas, adem\u00e1s est\u00e1 construido el canal de entrada y tanquilla y los muros y rejillas\u201d.<\/p>\n\n\n\n<p>Asimismo, explic\u00f3 que se colocaron v\u00e1lvulas de 6, 10, 12 y 16 pulgadas para la aducci\u00f3n principal y las tuber\u00edas del alimentador del desarenador de 70 litros de agua por segundo.<\/p>\n\n\n\n<p>Finalmente, se\u00f1al\u00f3 que esta importante obra se realiz\u00f3 en trabajo articulado entre el ministro de Agua G\/D Rodolfo Marco Torres y el gobernador Jehyson Guzm\u00e1n, para darle un mejor servicio a los habitantes de la parroquia Tucan\u00ed, en el municipio Caracciolo Parra y Olmedo.<\/p>\n\n\n\n<figure class=\"wp-block-gallery has-nested-images columns-default is-cropped wp-block-gallery-2 is-layout-flex wp-block-gallery-is-layout-flex\">\n<figure class=\"wp-block-image size-large\"><img loading=\"lazy\" decoding=\"async\" width=\"960\" height=\"960\" data-id=\"8773\" src=\"https:\/\/minaguas.gob.ve\/wp-content\/uploads\/2024\/04\/Inspeccion-Tucani-7.jpg\" alt=\"\" class=\"wp-image-8773\" \/><\/figure>\n\n\n\n<figure class=\"wp-block-image size-large\"><img loading=\"lazy\" decoding=\"async\" width=\"1020\" height=\"768\" data-id=\"8774\" src=\"https:\/\/minaguas.gob.ve\/wp-content\/uploads\/2024\/04\/Inspeccion-Tucani-5.jpg\" alt=\"\" class=\"wp-image-8774\" \/><\/figure>\n<\/figure>\n","protected":false},"excerpt":{"rendered":"<p>(Prensa MinAguas \/ Aguas de M\u00e9rida 09-04-2024).- Gracias al apoyo del presidente Nicol\u00e1s Maduro, a trav\u00e9s del Ministerio del Poder Popular de Atenci\u00f3n de las Aguas, la Fuerza Trabajadora de Aguas de M\u00e9rida concret\u00f3 el 90 % de avances en la rehabilitaci\u00f3n integral del acueducto de Tucan\u00ed, en la Panamericana de M\u00e9rida. As\u00ed lo inform\u00f3 [&hellip;]<\/p>\n","protected":false},"author":28,"featured_media":8775,"comment_status":"open","ping_status":"open","sticky":false,"template":"","format":"standard","meta":{"footnotes":""},"categories":[1],"tags":[42,76,24,45],"class_list":["post-8771","post","type-post","status-publish","format-standard","has-post-thumbnail","hentry","category-noticias","tag-agua-potable","tag-aguas-de-merida","tag-pueblo-trabajador-del-agua","tag-regionales"],"_links":{"self":[{"href":"https:\/\/minaguas.gob.ve\/index.php?rest_route=\/wp\/v2\/posts\/8771","targetHints":{"allow":["GET"]}}],"collection":[{"href":"https:\/\/minaguas.gob.ve\/index.php?rest_route=\/wp\/v2\/posts"}],"about":[{"href":"https:\/\/minaguas.gob.ve\/index.php?rest_route=\/wp\/v2\/types\/post"}],"author":[{"embeddable":true,"href":"https:\/\/minaguas.gob.ve\/index.php?rest_route=\/wp\/v2\/users\/28"}],"replies":[{"embeddable":true,"href":"https:\/\/minaguas.gob.ve\/index.php?rest_route=%2Fwp%2Fv2%2Fcomments&post=8771"}],"version-history":[{"count":0,"href":"https:\/\/minaguas.gob.ve\/index.php?rest_route=\/wp\/v2\/posts\/8771\/revisions"}],"wp:featuredmedia":[{"embeddable":true,"href":"https:\/\/minaguas.gob.ve\/index.php?rest_route=\/wp\/v2\/media\/8775"}],"wp:attachment":[{"href":"https:\/\/minaguas.gob.ve\/index.php?rest_route=%2Fwp%2Fv2%2Fmedia&parent=8771"}],"wp:term":[{"taxonomy":"category","embeddable":true,"href":"https:\/\/minaguas.gob.ve\/index.php?rest_route=%2Fwp%2Fv2%2Fcategories&post=8771"},{"taxonomy":"post_tag","embeddable":true,"href":"https:\/\/minaguas.gob.ve\/index.php?rest_route=%2Fwp%2Fv2%2Ftags&post=8771"}],"curies":[{"name":"wp","href":"https:\/\/api.w.org\/{rel}","templated":true}]}}