{"id":8653,"date":"2024-04-04T10:09:44","date_gmt":"2024-04-04T14:09:44","guid":{"rendered":"https:\/\/minaguas.gob.ve\/?p=8653"},"modified":"2024-04-04T14:31:39","modified_gmt":"2024-04-04T18:31:39","slug":"ministro-marco-torres-lidero-mesa-de-trabajo-con-alcaldes-del-eje-valles-del-tuy","status":"publish","type":"post","link":"https:\/\/minaguas.gob.ve\/?p=8653","title":{"rendered":"Ministro Marco Torres lider\u00f3 mesa de trabajo con alcaldes del eje Valles del Tuy"},"content":{"rendered":"<div class=\"wp-block-image\">\n<figure class=\"aligncenter size-full\"><img loading=\"lazy\" decoding=\"async\" width=\"696\" height=\"378\" src=\"https:\/\/minaguas.gob.ve\/wp-content\/uploads\/2024\/04\/WhatsApp-Image-2024-04-04-at-10.05.31-AM-1.jpeg\" alt=\"\" class=\"wp-image-8655\" \/><\/figure>\n<\/div>\n\n\n<p><\/p>\n\n\n\n<p><strong>(Prensa MinAguas 03-04-2024).-<\/strong> El ministro del Poder Popular de Atenci\u00f3n de las Aguas, G\/D Rodolfo Marco Torres, lider\u00f3 una mesa de trabajo con los alcaldes del eje de los Valles del Tuy y el presidente de Hidrocapital, Carlos Mast, para revisar y ejecutar el plan de acci\u00f3n que permita fortalecer el sistema h\u00eddrico en estas entidades mirandinas.<\/p>\n\n\n\n<p>En la reuni\u00f3n particip\u00f3 la alcaldesa del municipio Tom\u00e1s Lander, Dayana B\u00e1ez; el alcalde del municipio Sim\u00f3n Bol\u00edvar, Sa\u00fal Y\u00e1nez; el alcalde del municipio Independencia, Rayner Pulido; el alcalde del municipio Urdaneta, Jonathan Herrera; el alcalde del municipio Cristobal Rojas, Humberto Marte; y el alcalde de Paz Castillo, V\u00edctor Gonz\u00e1lez.<\/p>\n\n\n\n<p>El titular de la cartera de Aguas se\u00f1al\u00f3 que durante la jornada de trabajo revisaron la agenda concreta de acci\u00f3n para garantizar un servicio \u00f3ptimo y de calidad.<\/p>\n\n\n\n<p>\u00abPor instrucci\u00f3n de nuestro presidente, Nicol\u00e1s Maduro, evaluamos el plan de pozos, la rehabilitaci\u00f3n integral de Las Charas. Estamos revisando cada una de las acciones que vamos emprendiendo, en articulaci\u00f3n con el gobernador H\u00e9ctor Rodr\u00edguez para seguir avanzando\u00bb.<\/p>\n\n\n\n<p>El ministro asegur\u00f3 que el Gobierno Nacional continuar\u00e1 ejecutando labores para garantizar el sistema h\u00eddrico en todo el territorio nacional.<\/p>\n\n\n\n<p>Finalmente, la alcaldesa Dayana B\u00e1ez anunci\u00f3 que hoy se activ\u00f3 un pozo profundo ubicado en el hospital General de los Valles del Tuy, que atender\u00e1 a todos los pacientes del eje tuyero.<\/p>\n\n\n\n<p><a href=\"https:\/\/twitter.com\/RMarcoTorres\/status\/1775690421487780175\/video\/1\">https:\/\/twitter.com\/RMarcoTorres\/status\/1775690421487780175\/video\/1<\/a><\/p>\n\n\n\n<p><\/p>\n","protected":false},"excerpt":{"rendered":"<p>(Prensa MinAguas 03-04-2024).- El ministro del Poder Popular de Atenci\u00f3n de las Aguas, G\/D Rodolfo Marco Torres, lider\u00f3 una mesa de trabajo con los alcaldes del eje de los Valles del Tuy y el presidente de Hidrocapital, Carlos Mast, para revisar y ejecutar el plan de acci\u00f3n que permita fortalecer el sistema h\u00eddrico en estas [&hellip;]<\/p>\n","protected":false},"author":28,"featured_media":8655,"comment_status":"open","ping_status":"open","sticky":false,"template":"","format":"standard","meta":{"footnotes":""},"categories":[1],"tags":[42,8,31,91],"class_list":["post-8653","post","type-post","status-publish","format-standard","has-post-thumbnail","hentry","category-noticias","tag-agua-potable","tag-nacionales","tag-pozos-profundos","tag-trabajo-articulado"],"_links":{"self":[{"href":"https:\/\/minaguas.gob.ve\/index.php?rest_route=\/wp\/v2\/posts\/8653","targetHints":{"allow":["GET"]}}],"collection":[{"href":"https:\/\/minaguas.gob.ve\/index.php?rest_route=\/wp\/v2\/posts"}],"about":[{"href":"https:\/\/minaguas.gob.ve\/index.php?rest_route=\/wp\/v2\/types\/post"}],"author":[{"embeddable":true,"href":"https:\/\/minaguas.gob.ve\/index.php?rest_route=\/wp\/v2\/users\/28"}],"replies":[{"embeddable":true,"href":"https:\/\/minaguas.gob.ve\/index.php?rest_route=%2Fwp%2Fv2%2Fcomments&post=8653"}],"version-history":[{"count":0,"href":"https:\/\/minaguas.gob.ve\/index.php?rest_route=\/wp\/v2\/posts\/8653\/revisions"}],"wp:featuredmedia":[{"embeddable":true,"href":"https:\/\/minaguas.gob.ve\/index.php?rest_route=\/wp\/v2\/media\/8655"}],"wp:attachment":[{"href":"https:\/\/minaguas.gob.ve\/index.php?rest_route=%2Fwp%2Fv2%2Fmedia&parent=8653"}],"wp:term":[{"taxonomy":"category","embeddable":true,"href":"https:\/\/minaguas.gob.ve\/index.php?rest_route=%2Fwp%2Fv2%2Fcategories&post=8653"},{"taxonomy":"post_tag","embeddable":true,"href":"https:\/\/minaguas.gob.ve\/index.php?rest_route=%2Fwp%2Fv2%2Ftags&post=8653"}],"curies":[{"name":"wp","href":"https:\/\/api.w.org\/{rel}","templated":true}]}}