{"id":8605,"date":"2024-04-02T15:42:51","date_gmt":"2024-04-02T19:42:51","guid":{"rendered":"https:\/\/minaguas.gob.ve\/?p=8605"},"modified":"2024-04-02T15:44:05","modified_gmt":"2024-04-02T19:44:05","slug":"proyecto-rio-claro-en-cocorote-avanza-un-85","status":"publish","type":"post","link":"https:\/\/minaguas.gob.ve\/?p=8605","title":{"rendered":"Proyecto R\u00edo Claro en Cocorote avanza un 85 %"},"content":{"rendered":"<div class=\"wp-block-image\">\n<figure class=\"aligncenter size-full\"><img loading=\"lazy\" decoding=\"async\" width=\"1040\" height=\"780\" src=\"https:\/\/minaguas.gob.ve\/wp-content\/uploads\/2024\/04\/1712074321836-1.jpg\" alt=\"\" class=\"wp-image-8607\" \/><\/figure>\n<\/div>\n\n\n<p><\/p>\n\n\n\n<p><strong>(Prensa MinAguas \/ Aguas de Yaracuy 02-04-2024).- <\/strong>Con el fin de optimizar la distribuci\u00f3n del agua potable en el municipio Cocorote del estado Yaracuy, el Gobierno bolivariano avanza en la construcci\u00f3n del sistema de captaci\u00f3n y aducci\u00f3n R\u00edo Claro, en un 85 %, obra que atender\u00e1 a m\u00e1s de 38 mil habitantes.<\/p>\n\n\n\n<p>Al respecto, el presidente de la hidrol\u00f3gica regional, Juan Luis Vel\u00e1squez, manifest\u00f3 que, gracias a la gesti\u00f3n y apoyo del presidente Nicol\u00e1s Maduro, actualmente se avanza en la segunda fase, de tan importante proyecto que consiste en la construcci\u00f3n de un desarenador, traviesas y aducci\u00f3n de tres mil 600 metros lineales de tuber\u00eda de acero de 12 pulgadas, para captar aproximadamente 80 litros de agua por segundo.<\/p>\n\n\n\n<p>Mencion\u00f3, que el dique toma proyecto ejecutado en una primera fase fue dise\u00f1ado con una tuber\u00eda de descarga central que permite el gasto medio de la fuente y un aliviadero de crecida, la cual permitir\u00e1 el paso del gasto m\u00e1ximo, evitando socavaciones en las laderas y fundaciones.<\/p>\n\n\n\n<p>Mientras que el desarenador (retenedor de arena), es construido en concreto armado, capaz de tratar los litros antes mencionados, \u201chasta la fecha se avanza en la colocaci\u00f3n de tuber\u00eda desde el dique toma hasta la planta de tratamiento\u201d.<\/p>\n\n\n\n<p>Vel\u00e1squez sostuvo que, esta obra se est\u00e1 ejecutando de la mano del Poder Popular organizado, quienes d\u00eda a d\u00eda junto a la fuerza trabajadora del agua y la alcald\u00eda bolivariana, contin\u00faan con los trabajos para ser posible esta obra creada en revoluci\u00f3n.<\/p>\n\n\n\n<p>Concluy\u00f3 el titular del ente h\u00eddrico que, para el mes de mayo este proyecto de gran impacto social, este favoreciendo a todos los residentes de Cocorote con la distribuci\u00f3n del agua potable.<\/p>\n\n\n\n<figure class=\"wp-block-gallery has-nested-images columns-default is-cropped wp-block-gallery-1 is-layout-flex wp-block-gallery-is-layout-flex\">\n<figure class=\"wp-block-image size-large\"><img loading=\"lazy\" decoding=\"async\" width=\"705\" height=\"780\" data-id=\"8608\" src=\"https:\/\/minaguas.gob.ve\/wp-content\/uploads\/2024\/04\/1712074321826.jpg\" alt=\"\" class=\"wp-image-8608\" \/><\/figure>\n\n\n\n<figure class=\"wp-block-image size-large\"><img loading=\"lazy\" decoding=\"async\" width=\"780\" height=\"774\" data-id=\"8609\" src=\"https:\/\/minaguas.gob.ve\/wp-content\/uploads\/2024\/04\/1712074321817.jpg\" alt=\"\" class=\"wp-image-8609\" \/><\/figure>\n<\/figure>\n","protected":false},"excerpt":{"rendered":"<p>(Prensa MinAguas \/ Aguas de Yaracuy 02-04-2024).- Con el fin de optimizar la distribuci\u00f3n del agua potable en el municipio Cocorote del estado Yaracuy, el Gobierno bolivariano avanza en la construcci\u00f3n del sistema de captaci\u00f3n y aducci\u00f3n R\u00edo Claro, en un 85 %, obra que atender\u00e1 a m\u00e1s de 38 mil habitantes. Al respecto, el [&hellip;]<\/p>\n","protected":false},"author":28,"featured_media":8607,"comment_status":"open","ping_status":"open","sticky":false,"template":"","format":"standard","meta":{"footnotes":""},"categories":[1],"tags":[42,52,24,45],"class_list":["post-8605","post","type-post","status-publish","format-standard","has-post-thumbnail","hentry","category-noticias","tag-agua-potable","tag-aguas-de-yaracuy","tag-pueblo-trabajador-del-agua","tag-regionales"],"_links":{"self":[{"href":"https:\/\/minaguas.gob.ve\/index.php?rest_route=\/wp\/v2\/posts\/8605","targetHints":{"allow":["GET"]}}],"collection":[{"href":"https:\/\/minaguas.gob.ve\/index.php?rest_route=\/wp\/v2\/posts"}],"about":[{"href":"https:\/\/minaguas.gob.ve\/index.php?rest_route=\/wp\/v2\/types\/post"}],"author":[{"embeddable":true,"href":"https:\/\/minaguas.gob.ve\/index.php?rest_route=\/wp\/v2\/users\/28"}],"replies":[{"embeddable":true,"href":"https:\/\/minaguas.gob.ve\/index.php?rest_route=%2Fwp%2Fv2%2Fcomments&post=8605"}],"version-history":[{"count":0,"href":"https:\/\/minaguas.gob.ve\/index.php?rest_route=\/wp\/v2\/posts\/8605\/revisions"}],"wp:featuredmedia":[{"embeddable":true,"href":"https:\/\/minaguas.gob.ve\/index.php?rest_route=\/wp\/v2\/media\/8607"}],"wp:attachment":[{"href":"https:\/\/minaguas.gob.ve\/index.php?rest_route=%2Fwp%2Fv2%2Fmedia&parent=8605"}],"wp:term":[{"taxonomy":"category","embeddable":true,"href":"https:\/\/minaguas.gob.ve\/index.php?rest_route=%2Fwp%2Fv2%2Fcategories&post=8605"},{"taxonomy":"post_tag","embeddable":true,"href":"https:\/\/minaguas.gob.ve\/index.php?rest_route=%2Fwp%2Fv2%2Ftags&post=8605"}],"curies":[{"name":"wp","href":"https:\/\/api.w.org\/{rel}","templated":true}]}}