{"id":8537,"date":"2024-03-26T16:13:32","date_gmt":"2024-03-26T20:13:32","guid":{"rendered":"https:\/\/minaguas.gob.ve\/?p=8537"},"modified":"2024-03-26T16:13:32","modified_gmt":"2024-03-26T20:13:32","slug":"aguas-de-yaracuy-activo-cuatro-pozos-profundos","status":"publish","type":"post","link":"https:\/\/minaguas.gob.ve\/?p=8537","title":{"rendered":"Aguas de Yaracuy activ\u00f3 cuatro pozos profundos"},"content":{"rendered":"\n<figure class=\"wp-block-gallery has-nested-images columns-default is-cropped wp-block-gallery-1 is-layout-flex wp-block-gallery-is-layout-flex\">\n<figure class=\"wp-block-image size-large\"><img loading=\"lazy\" decoding=\"async\" width=\"845\" height=\"780\" data-id=\"8538\" src=\"https:\/\/minaguas.gob.ve\/wp-content\/uploads\/2024\/03\/IMG-20240324-WA00291.jpg\" alt=\"\" class=\"wp-image-8538\" \/><\/figure>\n\n\n\n<figure class=\"wp-block-image size-large\"><img loading=\"lazy\" decoding=\"async\" width=\"720\" height=\"780\" data-id=\"8539\" src=\"https:\/\/minaguas.gob.ve\/wp-content\/uploads\/2024\/03\/1711480455498.jpg\" alt=\"\" class=\"wp-image-8539\" \/><\/figure>\n<\/figure>\n\n\n\n<p><\/p>\n\n\n\n<p><em>Dichas fuentes subterr\u00e1neas atienden a m\u00e1s de cinco mil 100 habitantes<\/em><\/p>\n\n\n\n<p><strong>(Prensa MinAguas \/ Aguas de Yaracuy 26-03-2024).-<\/strong>\u00a0El Gobierno Bolivariano liderado por el presidente Nicol\u00e1s Maduro, a trav\u00e9s de Aguas de Yaracuy, atendi\u00f3 a m\u00e1s de cinco mil 100 habitantes de los municipios Nirgua, Veroes, y Manuel Monge, tras la puesta en funcionamiento de cuatro pozos profundos, ubicados en las comunidades Maporita, Pueblo Paja, Madera y Barrio Alegr\u00eda.<\/p>\n\n\n\n<p>El presidente del ente h\u00eddrico, Juan Luis Vel\u00e1squez, precis\u00f3 que luego de las instalaciones de los equipos sumergibles, se garantiz\u00f3 m\u00e1s de 39 litros de agua por segundo para atender a las poblaciones beneficiadas; manifestando a su vez que durante la puesta en marcha se instalaron motores y bombas de 40, 15, 7.5 y 5 Hp. &nbsp;&nbsp;<\/p>\n\n\n\n<p>Resalt\u00f3 que la puesta en marcha de las fuentes subterr\u00e1neas es gracias a la gesti\u00f3n del conductor de Victorias Nicol\u00e1s Maduro a trav\u00e9s del Ministerio del Poder Popular de Atenci\u00f3n de las Aguas, y el gobernador Julio Le\u00f3n, quienes mensualmente dotan de equipos sumergibles a la entidad yaracuyana&nbsp;para solventar reportes generados a trav\u00e9s de&nbsp;la VenApp.<\/p>\n\n\n\n<p>Finaliz\u00f3 el presidente de la hidrol\u00f3gica Aguas de Yaracuy, que enmarcado en el Mapa de Soluciones y la Agenda Concreta de Acci\u00f3n del Poder Popular de manera progresiva se rehabilitar\u00e1n pozos profundos en diferentes comunidades de la entidad.<\/p>\n\n\n\n<p>Por su parte, Carmen Vel\u00e1squez habitante de la comunidad Maporita del municipio Veroes, agradeci\u00f3 al mandatario nacional por tanto amor para el pueblo, \u201cnos sentimos agradecidos por la puesta en marcha del pozo ya que las familias de Maporita gozar\u00e1n del vital l\u00edquido\u201d.<\/p>\n","protected":false},"excerpt":{"rendered":"<p>Dichas fuentes subterr\u00e1neas atienden a m\u00e1s de cinco mil 100 habitantes (Prensa MinAguas \/ Aguas de Yaracuy 26-03-2024).-\u00a0El Gobierno Bolivariano liderado por el presidente Nicol\u00e1s Maduro, a trav\u00e9s de Aguas de Yaracuy, atendi\u00f3 a m\u00e1s de cinco mil 100 habitantes de los municipios Nirgua, Veroes, y Manuel Monge, tras la puesta en funcionamiento de cuatro [&hellip;]<\/p>\n","protected":false},"author":28,"featured_media":8539,"comment_status":"open","ping_status":"open","sticky":false,"template":"","format":"standard","meta":{"footnotes":""},"categories":[1],"tags":[52,31,24,45],"class_list":["post-8537","post","type-post","status-publish","format-standard","has-post-thumbnail","hentry","category-noticias","tag-aguas-de-yaracuy","tag-pozos-profundos","tag-pueblo-trabajador-del-agua","tag-regionales"],"_links":{"self":[{"href":"https:\/\/minaguas.gob.ve\/index.php?rest_route=\/wp\/v2\/posts\/8537","targetHints":{"allow":["GET"]}}],"collection":[{"href":"https:\/\/minaguas.gob.ve\/index.php?rest_route=\/wp\/v2\/posts"}],"about":[{"href":"https:\/\/minaguas.gob.ve\/index.php?rest_route=\/wp\/v2\/types\/post"}],"author":[{"embeddable":true,"href":"https:\/\/minaguas.gob.ve\/index.php?rest_route=\/wp\/v2\/users\/28"}],"replies":[{"embeddable":true,"href":"https:\/\/minaguas.gob.ve\/index.php?rest_route=%2Fwp%2Fv2%2Fcomments&post=8537"}],"version-history":[{"count":0,"href":"https:\/\/minaguas.gob.ve\/index.php?rest_route=\/wp\/v2\/posts\/8537\/revisions"}],"wp:featuredmedia":[{"embeddable":true,"href":"https:\/\/minaguas.gob.ve\/index.php?rest_route=\/wp\/v2\/media\/8539"}],"wp:attachment":[{"href":"https:\/\/minaguas.gob.ve\/index.php?rest_route=%2Fwp%2Fv2%2Fmedia&parent=8537"}],"wp:term":[{"taxonomy":"category","embeddable":true,"href":"https:\/\/minaguas.gob.ve\/index.php?rest_route=%2Fwp%2Fv2%2Fcategories&post=8537"},{"taxonomy":"post_tag","embeddable":true,"href":"https:\/\/minaguas.gob.ve\/index.php?rest_route=%2Fwp%2Fv2%2Ftags&post=8537"}],"curies":[{"name":"wp","href":"https:\/\/api.w.org\/{rel}","templated":true}]}}