{"id":8409,"date":"2024-03-21T15:37:35","date_gmt":"2024-03-21T19:37:35","guid":{"rendered":"https:\/\/minaguas.gob.ve\/?p=8409"},"modified":"2024-03-21T15:39:44","modified_gmt":"2024-03-21T19:39:44","slug":"ministro-marco-torres-y-gobernador-teran-revisaron-atencion-al-1x10-en-la-guaira","status":"publish","type":"post","link":"https:\/\/minaguas.gob.ve\/?p=8409","title":{"rendered":"Ministro Marco Torres y gobernador Ter\u00e1n revisaron atenci\u00f3n al 1&#215;10 en La Guaira"},"content":{"rendered":"\n<p>De manera simult\u00e1nea, Hidrocapital se despleg\u00f3 en la entidad para inaugurar los pozos 1 y 2 en el sector La Pedrera.<\/p>\n\n\n\n<figure class=\"wp-block-embed is-type-video is-provider-youtube wp-block-embed-youtube wp-embed-aspect-16-9 wp-has-aspect-ratio\"><div class=\"wp-block-embed__wrapper\">\n<iframe loading=\"lazy\" title=\"Ministro Marco Torres sostuvo una Mesa de trabajo con el Gob. Jos\u00e9 Alejandro Ter\u00e1n en La Guaira \ud83d\udca6\" width=\"640\" height=\"360\" src=\"https:\/\/www.youtube.com\/embed\/9gxLcXt5uGw?feature=oembed\" frameborder=\"0\" allow=\"accelerometer; autoplay; clipboard-write; encrypted-media; gyroscope; picture-in-picture; web-share\" referrerpolicy=\"strict-origin-when-cross-origin\" allowfullscreen><\/iframe>\n<\/div><\/figure>\n\n\n\n<p>(Prensa MinAguas 21-03-2024).- En el marco del despliegue semanal para la atenci\u00f3n de los servicios p\u00fablicos en el estado La Guaira, el ministro del Poder Popular de Atenci\u00f3n de las Aguas, G\/D Rodolfo Marco Torres, sostuvo un encuentro de trabajo con el gobernador de la entidad, Jos\u00e9 Alejandro Ter\u00e1n, con la finalidad de optimizar el servicio h\u00eddrico.<\/p>\n\n\n\n<p>En ese sentido, el titular de la cartera de Aguas report\u00f3 que el sistema 1\u00d710 del Buen Gobierno en la entidad cuenta con 86,8 % de efectividad con la respuesta a 7 mil 86 casos, de 8 mil 163 recibidos.<\/p>\n\n\n\n<p>\u201cRevisamos el proyecto del acueducto de Puerto Maya \u2013 Chichiriviche, tiene un avance de 50 %, hay 21 hombres trabajando en la monta\u00f1a, no es f\u00e1cil por la dificultad del terreno, pero los resultados son positivos. Trabajamos en la estaci\u00f3n de bombeo Macuto, la reactivaci\u00f3n de pozos, la rehabilitaci\u00f3n de la tuber\u00eda del dique Todasana, las plantas desalinizadoras. El objetivo es seguir avanzando\u201d, detall\u00f3 el ministro. <\/p>\n\n\n\n<p>Por su parte, el gobernador de la Guaira, Jos\u00e9 Alejandro Ter\u00e1n, expres\u00f3 que la rehabilitaci\u00f3n integral del mencionado acueducto, aportara 600 litros de agua por segundo, lo que permitir\u00e1 mejorar la calidad de vida de todos los habitantes del oeste del Litoral Central.<\/p>\n\n\n\n<p>De manera simult\u00e1nea, la Hidrol\u00f3gica de la Regi\u00f3n Capital (Hidrocapital) en articulaci\u00f3n con el gobierno local, realiz\u00f3 la inauguraci\u00f3n de los pozos 1 y 2 de La Pedrera, estos nuevas fuentes subterr\u00e1neas surtir\u00e1n del vital l\u00edquido de forma continua a los mil 526 habitantes del sector.<\/p>\n\n\n\n<p>Es as\u00ed como MinAguas e Hidrocapital contin\u00faan trabajando incansablemente para garantizar el acceso al agua potable a todas las comunidades de la regi\u00f3n capital, como lo instruye el presidente Nicol\u00e1s Maduro Moros.<\/p>\n\n\n\n<figure class=\"wp-block-gallery has-nested-images columns-default is-cropped wp-block-gallery-1 is-layout-flex wp-block-gallery-is-layout-flex\"><div class=\"wp-block-image\">\n<figure class=\"aligncenter size-large\"><img loading=\"lazy\" decoding=\"async\" width=\"1080\" height=\"810\" data-id=\"8441\" src=\"https:\/\/minaguas.gob.ve\/wp-content\/uploads\/2024\/03\/WhatsApp-Image-2024-03-21-at-3.11.02-PM-1.jpeg\" alt=\"\" class=\"wp-image-8441\" \/><\/figure>\n<\/div><\/figure>\n\n\n\n<figure class=\"wp-block-image size-full\"><img loading=\"lazy\" decoding=\"async\" width=\"960\" height=\"540\" src=\"https:\/\/minaguas.gob.ve\/wp-content\/uploads\/2024\/03\/WhatsApp-Image-2024-03-21-at-3.28.32-PM-1-1.jpeg\" alt=\"\" class=\"wp-image-8443\" \/><\/figure>\n","protected":false},"excerpt":{"rendered":"<p>De manera simult\u00e1nea, Hidrocapital se despleg\u00f3 en la entidad para inaugurar los pozos 1 y 2 en el sector La Pedrera. (Prensa MinAguas 21-03-2024).- En el marco del despliegue semanal para la atenci\u00f3n de los servicios p\u00fablicos en el estado La Guaira, el ministro del Poder Popular de Atenci\u00f3n de las Aguas, G\/D Rodolfo Marco [&hellip;]<\/p>\n","protected":false},"author":28,"featured_media":8445,"comment_status":"open","ping_status":"open","sticky":false,"template":"","format":"standard","meta":{"footnotes":""},"categories":[1],"tags":[103,77,36,101,31,24,45],"class_list":["post-8409","post","type-post","status-publish","format-standard","has-post-thumbnail","hentry","category-noticias","tag-1x10","tag-aguas-servidas","tag-hidrocapital","tag-la-guaira","tag-pozos-profundos","tag-pueblo-trabajador-del-agua","tag-regionales"],"_links":{"self":[{"href":"https:\/\/minaguas.gob.ve\/index.php?rest_route=\/wp\/v2\/posts\/8409","targetHints":{"allow":["GET"]}}],"collection":[{"href":"https:\/\/minaguas.gob.ve\/index.php?rest_route=\/wp\/v2\/posts"}],"about":[{"href":"https:\/\/minaguas.gob.ve\/index.php?rest_route=\/wp\/v2\/types\/post"}],"author":[{"embeddable":true,"href":"https:\/\/minaguas.gob.ve\/index.php?rest_route=\/wp\/v2\/users\/28"}],"replies":[{"embeddable":true,"href":"https:\/\/minaguas.gob.ve\/index.php?rest_route=%2Fwp%2Fv2%2Fcomments&post=8409"}],"version-history":[{"count":0,"href":"https:\/\/minaguas.gob.ve\/index.php?rest_route=\/wp\/v2\/posts\/8409\/revisions"}],"wp:featuredmedia":[{"embeddable":true,"href":"https:\/\/minaguas.gob.ve\/index.php?rest_route=\/wp\/v2\/media\/8445"}],"wp:attachment":[{"href":"https:\/\/minaguas.gob.ve\/index.php?rest_route=%2Fwp%2Fv2%2Fmedia&parent=8409"}],"wp:term":[{"taxonomy":"category","embeddable":true,"href":"https:\/\/minaguas.gob.ve\/index.php?rest_route=%2Fwp%2Fv2%2Fcategories&post=8409"},{"taxonomy":"post_tag","embeddable":true,"href":"https:\/\/minaguas.gob.ve\/index.php?rest_route=%2Fwp%2Fv2%2Ftags&post=8409"}],"curies":[{"name":"wp","href":"https:\/\/api.w.org\/{rel}","templated":true}]}}