{"id":8233,"date":"2024-03-15T16:34:52","date_gmt":"2024-03-15T20:34:52","guid":{"rendered":"https:\/\/minaguas.gob.ve\/?p=8233"},"modified":"2024-03-15T16:34:52","modified_gmt":"2024-03-15T20:34:52","slug":"hidrolago-activo-pozo-comunitario-y-mejoro-acueducto-rural-en-la-comunidad-mecocal-del-municipio-miranda","status":"publish","type":"post","link":"https:\/\/minaguas.gob.ve\/?p=8233","title":{"rendered":"Hidrolago activ\u00f3 pozo comunitario y mejor\u00f3 acueducto rural en la comunidad Mecocal del municipio Miranda"},"content":{"rendered":"<div class=\"wp-block-image\">\n<figure class=\"aligncenter size-full\"><img loading=\"lazy\" decoding=\"async\" width=\"1280\" height=\"963\" src=\"https:\/\/minaguas.gob.ve\/wp-content\/uploads\/2024\/03\/POZO-Y-ACUEDUCTO-MECOCAL-4.jpg\" alt=\"\" class=\"wp-image-8234\" \/><\/figure>\n<\/div>\n\n\n<p><\/p>\n\n\n\n<p><strong>(Prensa MinAguas \/ Hidrolago 15-03-2024).-<\/strong> Las cuadrillas de operaci\u00f3n y mantenimiento de Hidrolago cumplieron instrucciones del Gobierno Nacional, de atender de manera permanente las solicitudes que realizan los usuarios mediante el 1&#215;10 del Buen Gobierno, para ello, se instal\u00f3 un motor de 20 Hp y una bomba de 15 litros de agua por segundo (lps), en el sector El Roc\u00edo, parroquia Ana Mar\u00eda Campos del municipio Miranda ubicado en la Costa Oriental del Lago.<\/p>\n\n\n\n<p>Las labores corresponden a la activaci\u00f3n del pozo comunitario, as\u00ed como mejoras en las condiciones operativas del acueducto rural en la comunidad Mecocal. La meta es alcanzar el 100 % de operatividad en la distribuci\u00f3n del vital l\u00edquido, incorporando cerca de 40 litros de agua por segundos en esa localidad para beneficiar a 103 familias.&nbsp;<\/p>\n\n\n\n<p>Esta obra, se efectu\u00f3 de manera articulada entre el equipo de especialistas de la hidrol\u00f3gica regional, la alcald\u00eda del municipio Miranda, el Poder Popular organizado y las Mesas T\u00e9cnicas de Agua, a fin de atender las demandas de las comunidades.<\/p>\n\n\n\n<p>&nbsp;La jefa de la UBCH, Gladys Sal\u00f3n, destac\u00f3 que la obra se realiz\u00f3 mediante el plan de soluciones concretas para el pueblo, que ejecuta el Gobierno Nacional, liderado por el presidente Nicol\u00e1s Maduro.<\/p>\n","protected":false},"excerpt":{"rendered":"<p>(Prensa MinAguas \/ Hidrolago 15-03-2024).- Las cuadrillas de operaci\u00f3n y mantenimiento de Hidrolago cumplieron instrucciones del Gobierno Nacional, de atender de manera permanente las solicitudes que realizan los usuarios mediante el 1&#215;10 del Buen Gobierno, para ello, se instal\u00f3 un motor de 20 Hp y una bomba de 15 litros de agua por segundo (lps), [&hellip;]<\/p>\n","protected":false},"author":28,"featured_media":8234,"comment_status":"open","ping_status":"open","sticky":false,"template":"","format":"standard","meta":{"footnotes":""},"categories":[1],"tags":[72,31,24,45],"class_list":["post-8233","post","type-post","status-publish","format-standard","has-post-thumbnail","hentry","category-noticias","tag-hidrolago","tag-pozos-profundos","tag-pueblo-trabajador-del-agua","tag-regionales"],"_links":{"self":[{"href":"https:\/\/minaguas.gob.ve\/index.php?rest_route=\/wp\/v2\/posts\/8233","targetHints":{"allow":["GET"]}}],"collection":[{"href":"https:\/\/minaguas.gob.ve\/index.php?rest_route=\/wp\/v2\/posts"}],"about":[{"href":"https:\/\/minaguas.gob.ve\/index.php?rest_route=\/wp\/v2\/types\/post"}],"author":[{"embeddable":true,"href":"https:\/\/minaguas.gob.ve\/index.php?rest_route=\/wp\/v2\/users\/28"}],"replies":[{"embeddable":true,"href":"https:\/\/minaguas.gob.ve\/index.php?rest_route=%2Fwp%2Fv2%2Fcomments&post=8233"}],"version-history":[{"count":0,"href":"https:\/\/minaguas.gob.ve\/index.php?rest_route=\/wp\/v2\/posts\/8233\/revisions"}],"wp:featuredmedia":[{"embeddable":true,"href":"https:\/\/minaguas.gob.ve\/index.php?rest_route=\/wp\/v2\/media\/8234"}],"wp:attachment":[{"href":"https:\/\/minaguas.gob.ve\/index.php?rest_route=%2Fwp%2Fv2%2Fmedia&parent=8233"}],"wp:term":[{"taxonomy":"category","embeddable":true,"href":"https:\/\/minaguas.gob.ve\/index.php?rest_route=%2Fwp%2Fv2%2Fcategories&post=8233"},{"taxonomy":"post_tag","embeddable":true,"href":"https:\/\/minaguas.gob.ve\/index.php?rest_route=%2Fwp%2Fv2%2Ftags&post=8233"}],"curies":[{"name":"wp","href":"https:\/\/api.w.org\/{rel}","templated":true}]}}