{"id":8181,"date":"2024-03-13T18:11:59","date_gmt":"2024-03-13T22:11:59","guid":{"rendered":"https:\/\/minaguas.gob.ve\/?p=8181"},"modified":"2024-03-14T10:18:32","modified_gmt":"2024-03-14T14:18:32","slug":"cuadrilla-de-hidrofalcon-atendieron-averia-en-estacion-de-bombeo-las-margaritas","status":"publish","type":"post","link":"https:\/\/minaguas.gob.ve\/?p=8181","title":{"rendered":"Cuadrilla de Hidrofalc\u00f3n atendieron aver\u00eda en estaci\u00f3n de bombeo Las Margaritas"},"content":{"rendered":"\n<p><\/p>\n\n\n\n<p>(Prensa MinAguas \/ Hidrofalc\u00f3n 13-03.2024).- En cumplimiento de las orientaciones del presidente de la Rep\u00fablica, Nicol\u00e1s Maduro Moros, el Ministerio del Poder Popular de Atenci\u00f3n de las Aguas, a trav\u00e9s de la cuadrilla de mantenimiento de Hidrofalc\u00f3n, ejecut\u00f3 trabajos de correcci\u00f3n de aver\u00eda en la estaci\u00f3n de bombeo de aguas servidas (EBAS), ubicada en la calle Luis Lozada del barrio Las Margaritas en el municipio Carirubana del estado Falc\u00f3n.<\/p>\n\n\n\n<p>La Fuerza Trabajadora de la hidrol\u00f3gica regional realiz\u00f3 la sustituci\u00f3n del flotador de la EBAS, adem\u00e1s del mantenimiento de la fosa para garantizar el servicio en beneficio de m\u00e1s de mil 400 familias de Las Margaritas.<\/p>\n\n\n\n<p>Estas acciones se ejecutaron en el marco del 1\u00d710 del Buen Gobierno que impulsa el mandatario nacional con el prop\u00f3sito de optimizar la operatividad de esta estaci\u00f3n de bombeo y mejorar la fluidez de las aguas servidas.<\/p>\n\n\n\n<figure class=\"wp-block-gallery has-nested-images columns-default is-cropped wp-block-gallery-1 is-layout-flex wp-block-gallery-is-layout-flex\">\n<figure class=\"wp-block-image size-large\"><img loading=\"lazy\" decoding=\"async\" width=\"1280\" height=\"960\" data-id=\"8196\" src=\"https:\/\/minaguas.gob.ve\/wp-content\/uploads\/2024\/03\/aguas-servidas-las-margaritas.jpg\" alt=\"\" class=\"wp-image-8196\" \/><\/figure>\n\n\n\n<figure class=\"wp-block-image size-large\"><img loading=\"lazy\" decoding=\"async\" width=\"1280\" height=\"960\" data-id=\"8197\" src=\"https:\/\/minaguas.gob.ve\/wp-content\/uploads\/2024\/03\/aguas-servidas-las-margaritas-2.jpg\" alt=\"\" class=\"wp-image-8197\" \/><\/figure>\n<\/figure>\n","protected":false},"excerpt":{"rendered":"<p>(Prensa MinAguas \/ Hidrofalc\u00f3n 13-03.2024).- En cumplimiento de las orientaciones del presidente de la Rep\u00fablica, Nicol\u00e1s Maduro Moros, el Ministerio del Poder Popular de Atenci\u00f3n de las Aguas, a trav\u00e9s de la cuadrilla de mantenimiento de Hidrofalc\u00f3n, ejecut\u00f3 trabajos de correcci\u00f3n de aver\u00eda en la estaci\u00f3n de bombeo de aguas servidas (EBAS), ubicada en la [&hellip;]<\/p>\n","protected":false},"author":28,"featured_media":8182,"comment_status":"open","ping_status":"open","sticky":false,"template":"","format":"standard","meta":{"footnotes":""},"categories":[1],"tags":[103,42,77,152,90,24,45],"class_list":["post-8181","post","type-post","status-publish","format-standard","has-post-thumbnail","hentry","category-noticias","tag-1x10","tag-agua-potable","tag-aguas-servidas","tag-falcon","tag-hidrofalcon","tag-pueblo-trabajador-del-agua","tag-regionales"],"_links":{"self":[{"href":"https:\/\/minaguas.gob.ve\/index.php?rest_route=\/wp\/v2\/posts\/8181","targetHints":{"allow":["GET"]}}],"collection":[{"href":"https:\/\/minaguas.gob.ve\/index.php?rest_route=\/wp\/v2\/posts"}],"about":[{"href":"https:\/\/minaguas.gob.ve\/index.php?rest_route=\/wp\/v2\/types\/post"}],"author":[{"embeddable":true,"href":"https:\/\/minaguas.gob.ve\/index.php?rest_route=\/wp\/v2\/users\/28"}],"replies":[{"embeddable":true,"href":"https:\/\/minaguas.gob.ve\/index.php?rest_route=%2Fwp%2Fv2%2Fcomments&post=8181"}],"version-history":[{"count":0,"href":"https:\/\/minaguas.gob.ve\/index.php?rest_route=\/wp\/v2\/posts\/8181\/revisions"}],"wp:featuredmedia":[{"embeddable":true,"href":"https:\/\/minaguas.gob.ve\/index.php?rest_route=\/wp\/v2\/media\/8182"}],"wp:attachment":[{"href":"https:\/\/minaguas.gob.ve\/index.php?rest_route=%2Fwp%2Fv2%2Fmedia&parent=8181"}],"wp:term":[{"taxonomy":"category","embeddable":true,"href":"https:\/\/minaguas.gob.ve\/index.php?rest_route=%2Fwp%2Fv2%2Fcategories&post=8181"},{"taxonomy":"post_tag","embeddable":true,"href":"https:\/\/minaguas.gob.ve\/index.php?rest_route=%2Fwp%2Fv2%2Ftags&post=8181"}],"curies":[{"name":"wp","href":"https:\/\/api.w.org\/{rel}","templated":true}]}}