{"id":8031,"date":"2024-03-07T12:36:38","date_gmt":"2024-03-07T16:36:38","guid":{"rendered":"https:\/\/minaguas.gob.ve\/?p=8031"},"modified":"2024-03-07T12:36:38","modified_gmt":"2024-03-07T16:36:38","slug":"gobierno-bolivariano-activo-dos-pozos-de-agua-potable-en-el-hatillo","status":"publish","type":"post","link":"https:\/\/minaguas.gob.ve\/?p=8031","title":{"rendered":"Gobierno Bolivariano activ\u00f3 dos pozos de agua potable en El Hatillo"},"content":{"rendered":"<div class=\"wp-block-image\">\n<figure class=\"aligncenter size-full\"><img loading=\"lazy\" decoding=\"async\" width=\"1280\" height=\"899\" src=\"https:\/\/minaguas.gob.ve\/wp-content\/uploads\/2024\/03\/WhatsApp-Image-2024-03-07-at-12.32.55-PM.jpeg\" alt=\"\" class=\"wp-image-8032\" \/><\/figure>\n<\/div>\n\n\n<p><\/p>\n\n\n\n<p><em>Gracias a la activaci\u00f3n de ambas fuentes de abastecimiento en los sectores Rural Ca\u00f1averal y Rural Papel\u00f3n se garantizar\u00e1 el acceso al vital l\u00edquido de manera constante a 336 familias<\/em><\/p>\n\n\n\n<p><strong>(Prensa MinAguas \/ Hidrocapital 07-03-2024).-<\/strong> Prensa Hidrocapital.- En aras de fortalecer y mejorar la calidad de los servicios p\u00fablicos, como parte de las acciones establecidas por el presidente Nicol\u00e1s Maduro, se realiz\u00f3 la activaci\u00f3n integral de dos fuentes de captaci\u00f3n subterr\u00e1nea y un proyecto de aducci\u00f3n de agua potable en el municipio El Hatillo, para beneficiar a m\u00e1s de mil 93 habitantes, y aportar 6,5 litros de agua por segundo.<\/p>\n\n\n\n<p>En uni\u00f3n perfecta se llev\u00f3 a cabo la limpieza y aforo, instalaci\u00f3n de tablero el\u00e9ctrico, rehabilitaci\u00f3n de obra civil, sustituci\u00f3n de bomba de 7,5 Hp, repotenciaci\u00f3n del tablero de control, conexi\u00f3n de toma de agua desde el pozo hasta el tanque de almacenamiento de la segunda etapa, con tuber\u00eda de dos pulgadas, construcci\u00f3n de manifold de descarga, construcci\u00f3n de tanque de 53 mil litros y mejoramiento de obra civil, entre otros.<\/p>\n\n\n\n<p>Adicionalmente se efectu\u00f3 la aprobaci\u00f3n del proyecto de agua Sabaneta Ca\u00f1averal, que consiste en la instalaci\u00f3n de toma de agua desde el pozo hasta el tanque de almacenamiento de ese sector. Adem\u00e1s, para el proyecto de aducci\u00f3n se dotaron los siguientes materiales: suministro e instalaci\u00f3n de 72 rollos de tuber\u00edas PEAD, conexiones en diferentes di\u00e1metros, cemento y arena.<\/p>\n\n\n\n<p>La actividad estuvo presidida por el gobernador del estado Miranda, H\u00e9ctor Rodr\u00edguez, en compa\u00f1\u00eda de autoridades de Hidrocapital y el Poder Popular organizado. De esta manera, la hidrol\u00f3gica cumple con los compromisos adquiridos para garantizar el acceso al vital l\u00edquido a la poblaci\u00f3n de la Gran Caracas.<\/p>\n\n\n<div class=\"wp-block-image\">\n<figure class=\"aligncenter size-full\"><img loading=\"lazy\" decoding=\"async\" width=\"1280\" height=\"974\" src=\"https:\/\/minaguas.gob.ve\/wp-content\/uploads\/2024\/03\/WhatsApp-Image-2024-03-07-at-12.34.23-PM.jpeg\" alt=\"\" class=\"wp-image-8033\" \/><\/figure>\n<\/div>","protected":false},"excerpt":{"rendered":"<p>Gracias a la activaci\u00f3n de ambas fuentes de abastecimiento en los sectores Rural Ca\u00f1averal y Rural Papel\u00f3n se garantizar\u00e1 el acceso al vital l\u00edquido de manera constante a 336 familias (Prensa MinAguas \/ Hidrocapital 07-03-2024).- Prensa Hidrocapital.- En aras de fortalecer y mejorar la calidad de los servicios p\u00fablicos, como parte de las acciones establecidas [&hellip;]<\/p>\n","protected":false},"author":28,"featured_media":8032,"comment_status":"open","ping_status":"open","sticky":false,"template":"","format":"standard","meta":{"footnotes":""},"categories":[1],"tags":[42,36,31,45],"class_list":["post-8031","post","type-post","status-publish","format-standard","has-post-thumbnail","hentry","category-noticias","tag-agua-potable","tag-hidrocapital","tag-pozos-profundos","tag-regionales"],"_links":{"self":[{"href":"https:\/\/minaguas.gob.ve\/index.php?rest_route=\/wp\/v2\/posts\/8031","targetHints":{"allow":["GET"]}}],"collection":[{"href":"https:\/\/minaguas.gob.ve\/index.php?rest_route=\/wp\/v2\/posts"}],"about":[{"href":"https:\/\/minaguas.gob.ve\/index.php?rest_route=\/wp\/v2\/types\/post"}],"author":[{"embeddable":true,"href":"https:\/\/minaguas.gob.ve\/index.php?rest_route=\/wp\/v2\/users\/28"}],"replies":[{"embeddable":true,"href":"https:\/\/minaguas.gob.ve\/index.php?rest_route=%2Fwp%2Fv2%2Fcomments&post=8031"}],"version-history":[{"count":0,"href":"https:\/\/minaguas.gob.ve\/index.php?rest_route=\/wp\/v2\/posts\/8031\/revisions"}],"wp:featuredmedia":[{"embeddable":true,"href":"https:\/\/minaguas.gob.ve\/index.php?rest_route=\/wp\/v2\/media\/8032"}],"wp:attachment":[{"href":"https:\/\/minaguas.gob.ve\/index.php?rest_route=%2Fwp%2Fv2%2Fmedia&parent=8031"}],"wp:term":[{"taxonomy":"category","embeddable":true,"href":"https:\/\/minaguas.gob.ve\/index.php?rest_route=%2Fwp%2Fv2%2Fcategories&post=8031"},{"taxonomy":"post_tag","embeddable":true,"href":"https:\/\/minaguas.gob.ve\/index.php?rest_route=%2Fwp%2Fv2%2Ftags&post=8031"}],"curies":[{"name":"wp","href":"https:\/\/api.w.org\/{rel}","templated":true}]}}