{"id":7974,"date":"2024-03-05T14:19:11","date_gmt":"2024-03-05T18:19:11","guid":{"rendered":"https:\/\/minaguas.gob.ve\/?p=7974"},"modified":"2024-03-05T14:19:11","modified_gmt":"2024-03-05T18:19:11","slug":"hidrosuroeste-culmino-recuperacion-en-aduccion-san-cristobal-la-fria","status":"publish","type":"post","link":"https:\/\/minaguas.gob.ve\/?p=7974","title":{"rendered":"Hidrosuroeste culmin\u00f3 recuperaci\u00f3n en aducci\u00f3n San Crist\u00f3bal-La Fr\u00eda"},"content":{"rendered":"<div class=\"wp-block-image\">\n<figure class=\"aligncenter size-full\"><img loading=\"lazy\" decoding=\"async\" width=\"1080\" height=\"810\" src=\"https:\/\/minaguas.gob.ve\/wp-content\/uploads\/2024\/03\/WhatsApp-Image-2024-03-05-at-9.58.31-AM-1.jpeg\" alt=\"\" class=\"wp-image-7979\" \/><\/figure>\n<\/div>\n\n\n<p><\/p>\n\n\n\n<p><strong>(Prensa MinAguas \u00a0\/ Hidrosuroeste 05-03-2024).- <\/strong>Gracias a las labores desarrolladas por la fuerza trabajadora de la empresa hidrol\u00f3gica del estado T\u00e1chira (Hidrosuroeste), fueron culminados los trabajos de reparaci\u00f3n de la tuber\u00eda de 40 pulgadas de acero al carb\u00f3n, ubicada en el municipio C\u00e1rdenas, en la autopista San Crist\u00f3bal-La Fr\u00eda.<\/p>\n\n\n\n<p>El presidente de Hidrosuroeste, Arqu\u00edmedes Uzc\u00e1tegui, inform\u00f3 que mediante el arduo trabajo realizado por el personal que se despleg\u00f3 desde la noche del domingo, se logr\u00f3 culminar el arreglo en un tiempo acorde con la afectaci\u00f3n que se registr\u00f3.<\/p>\n\n\n\n<p>Destac\u00f3 que para llevar a cabo esto, se cont\u00f3 con maquinaria retro, jumbo, tres frentes de trabajo entre equipos de soldadura, y personal calificado, con el fin de optimizar el servicio de agua potable a los municipios del eje de frontera.<\/p>\n\n\n\n<p>\u201cCon esto damos cumplimiento a las instrucciones emanadas por el Gobierno nacional de atender a nuestras comunidades\u201d, expres\u00f3 el vocero de la hidrol\u00f3gica.<\/p>\n\n\n\n<p>Asimismo, expres\u00f3 que, al momento de la fuga de agua potable, fueron dise\u00f1adas varias piezas que sirvieron de apoyo para el arreglo, brindando una soluci\u00f3n a las m\u00e1s de 350 mil personas que conviven en los municipios fronterizos.<\/p>\n\n\n\n<p>Estas acciones son ejecutadas en apoyo con el Ministerio del Poder Popular de Atenci\u00f3n a las Aguas, bajo las directrices del ministro G\/D Rodolfo Marco Torres, y la Gobernaci\u00f3n del estado T\u00e1chira.<\/p>\n\n\n\n<figure class=\"wp-block-gallery has-nested-images columns-default is-cropped wp-block-gallery-1 is-layout-flex wp-block-gallery-is-layout-flex\">\n<figure class=\"wp-block-image size-full\"><img loading=\"lazy\" decoding=\"async\" width=\"1080\" height=\"1080\" data-id=\"7977\" src=\"https:\/\/minaguas.gob.ve\/wp-content\/uploads\/2024\/03\/WhatsApp-Image-2024-03-05-at-10.08.56-AM-1.jpeg\" alt=\"\" class=\"wp-image-7977\" \/><\/figure>\n\n\n\n<figure class=\"wp-block-image size-large\"><img loading=\"lazy\" decoding=\"async\" width=\"1080\" height=\"1080\" data-id=\"7978\" src=\"https:\/\/minaguas.gob.ve\/wp-content\/uploads\/2024\/03\/WhatsApp-Image-2024-03-05-at-10.08.57-AM.jpeg\" alt=\"\" class=\"wp-image-7978\" \/><\/figure>\n<\/figure>\n","protected":false},"excerpt":{"rendered":"<p>(Prensa MinAguas \u00a0\/ Hidrosuroeste 05-03-2024).- Gracias a las labores desarrolladas por la fuerza trabajadora de la empresa hidrol\u00f3gica del estado T\u00e1chira (Hidrosuroeste), fueron culminados los trabajos de reparaci\u00f3n de la tuber\u00eda de 40 pulgadas de acero al carb\u00f3n, ubicada en el municipio C\u00e1rdenas, en la autopista San Crist\u00f3bal-La Fr\u00eda. El presidente de Hidrosuroeste, Arqu\u00edmedes Uzc\u00e1tegui, [&hellip;]<\/p>\n","protected":false},"author":28,"featured_media":7979,"comment_status":"open","ping_status":"open","sticky":false,"template":"","format":"standard","meta":{"footnotes":""},"categories":[1],"tags":[42,144,45],"class_list":["post-7974","post","type-post","status-publish","format-standard","has-post-thumbnail","hentry","category-noticias","tag-agua-potable","tag-hidrosuroeste","tag-regionales"],"_links":{"self":[{"href":"https:\/\/minaguas.gob.ve\/index.php?rest_route=\/wp\/v2\/posts\/7974","targetHints":{"allow":["GET"]}}],"collection":[{"href":"https:\/\/minaguas.gob.ve\/index.php?rest_route=\/wp\/v2\/posts"}],"about":[{"href":"https:\/\/minaguas.gob.ve\/index.php?rest_route=\/wp\/v2\/types\/post"}],"author":[{"embeddable":true,"href":"https:\/\/minaguas.gob.ve\/index.php?rest_route=\/wp\/v2\/users\/28"}],"replies":[{"embeddable":true,"href":"https:\/\/minaguas.gob.ve\/index.php?rest_route=%2Fwp%2Fv2%2Fcomments&post=7974"}],"version-history":[{"count":0,"href":"https:\/\/minaguas.gob.ve\/index.php?rest_route=\/wp\/v2\/posts\/7974\/revisions"}],"wp:featuredmedia":[{"embeddable":true,"href":"https:\/\/minaguas.gob.ve\/index.php?rest_route=\/wp\/v2\/media\/7979"}],"wp:attachment":[{"href":"https:\/\/minaguas.gob.ve\/index.php?rest_route=%2Fwp%2Fv2%2Fmedia&parent=7974"}],"wp:term":[{"taxonomy":"category","embeddable":true,"href":"https:\/\/minaguas.gob.ve\/index.php?rest_route=%2Fwp%2Fv2%2Fcategories&post=7974"},{"taxonomy":"post_tag","embeddable":true,"href":"https:\/\/minaguas.gob.ve\/index.php?rest_route=%2Fwp%2Fv2%2Ftags&post=7974"}],"curies":[{"name":"wp","href":"https:\/\/api.w.org\/{rel}","templated":true}]}}