{"id":7717,"date":"2024-02-22T16:46:34","date_gmt":"2024-02-22T20:46:34","guid":{"rendered":"https:\/\/minaguas.gob.ve\/?p=7717"},"modified":"2024-02-22T16:46:34","modified_gmt":"2024-02-22T20:46:34","slug":"clase-trabajadora-de-minaguas-debatio-sexta-linea-de-las-7t-para-la-proteccion-del-pueblo","status":"publish","type":"post","link":"https:\/\/minaguas.gob.ve\/?p=7717","title":{"rendered":"Clase Trabajadora de MinAguas debati\u00f3 sexta l\u00ednea de las 7T para la protecci\u00f3n del Pueblo"},"content":{"rendered":"\n<figure class=\"wp-block-gallery has-nested-images columns-default is-cropped wp-block-gallery-1 is-layout-flex wp-block-gallery-is-layout-flex\"><div class=\"wp-block-image\">\n<figure class=\"aligncenter size-large\"><img loading=\"lazy\" decoding=\"async\" width=\"2560\" height=\"1504\" data-id=\"7719\" src=\"https:\/\/minaguas.gob.ve\/wp-content\/uploads\/2024\/02\/WhatsApp-Image-2024-02-22-at-16.34.57.jpeg\" alt=\"\" class=\"wp-image-7719\" \/><\/figure>\n<\/div><\/figure>\n\n\n\n<p>(Prensa MinAguas 21-02-2024).- En el marco del debate nacional sobre las 7 transformaciones para la consolidaci\u00f3n de la Venezuela Potencia rumbo al 2030, convocado por el presidente de la Rep\u00fablica, Nicol\u00e1s Maduro; la Clase Trabajadora del Ministerio del Poder Popular de Atenci\u00f3n de las Aguas (MinAguas) particip\u00f3 este mi\u00e9rcoles 21 de febrero en una jornada orientada a construir acciones colectivas dentro de la sexta l\u00ednea ecol\u00f3gica, ante la crisis clim\u00e1tica que enfrenta la humanidad.<\/p>\n\n\n\n<p>En esta asamblea los trabajadores debatieron los aportes para la creaci\u00f3n de ordenanzas municipales, sistematizaci\u00f3n y desarrollo de nuevos proyectos h\u00eddricos y concientizaci\u00f3n sobre el uso y consumo del agua, como parte de las acciones impulsadas desde la Vicepresidencia Sectorial de Obras P\u00fablicas y Servicios (VSOPS), por medio del ministro G\/D Rodolfo Marco Torres.<\/p>\n\n\n\n<p>\u00abDesarrollamos todos los puntos que van dirigidos al buen uso y la nueva cultura del agua, cabe destacar que todos los trabajadores y trabajadoras de este ministerio hablamos y desarrollamos ideas para atender todos los casos en cada comunidad, en todos los municipios y estados de nuestro pa\u00eds, fortaleciendo el 1&#215;10 del Buen Gobierno, herramienta orientada por nuestro presidente Nicol\u00e1s Maduro\u00bb, expres\u00f3 Gerardo Maita, trabajador de Consultor\u00eda Jur\u00eddica.<\/p>\n\n\n\n<p>De esta manera, se da continuidad al trabajo que realizan las mesas de trabajo de aguas, desde sus comunidades para optimizar el servicio h\u00eddrico con la metodolog\u00eda de sistematizaci\u00f3n de las propuestas.<\/p>\n\n\n\n<figure class=\"wp-block-gallery has-nested-images columns-default is-cropped wp-block-gallery-2 is-layout-flex wp-block-gallery-is-layout-flex\">\n<figure class=\"wp-block-image size-large\"><img loading=\"lazy\" decoding=\"async\" width=\"1600\" height=\"813\" data-id=\"7720\" src=\"https:\/\/minaguas.gob.ve\/wp-content\/uploads\/2024\/02\/WhatsApp-Image-2024-02-22-at-16.38.03-2.jpeg\" alt=\"\" class=\"wp-image-7720\" \/><\/figure>\n\n\n\n<figure class=\"wp-block-image size-large\"><img loading=\"lazy\" decoding=\"async\" width=\"1401\" height=\"778\" data-id=\"7721\" src=\"https:\/\/minaguas.gob.ve\/wp-content\/uploads\/2024\/02\/WhatsApp-Image-2024-02-22-at-16.38.03-3-1.jpeg\" alt=\"\" class=\"wp-image-7721\" \/><\/figure>\n<\/figure>\n","protected":false},"excerpt":{"rendered":"<p>(Prensa MinAguas 21-02-2024).- En el marco del debate nacional sobre las 7 transformaciones para la consolidaci\u00f3n de la Venezuela Potencia rumbo al 2030, convocado por el presidente de la Rep\u00fablica, Nicol\u00e1s Maduro; la Clase Trabajadora del Ministerio del Poder Popular de Atenci\u00f3n de las Aguas (MinAguas) particip\u00f3 este mi\u00e9rcoles 21 de febrero en una jornada [&hellip;]<\/p>\n","protected":false},"author":28,"featured_media":7719,"comment_status":"open","ping_status":"open","sticky":false,"template":"","format":"standard","meta":{"footnotes":""},"categories":[1],"tags":[103,42,8,143,24],"class_list":["post-7717","post","type-post","status-publish","format-standard","has-post-thumbnail","hentry","category-noticias","tag-1x10","tag-agua-potable","tag-nacionales","tag-plan-7t","tag-pueblo-trabajador-del-agua"],"_links":{"self":[{"href":"https:\/\/minaguas.gob.ve\/index.php?rest_route=\/wp\/v2\/posts\/7717","targetHints":{"allow":["GET"]}}],"collection":[{"href":"https:\/\/minaguas.gob.ve\/index.php?rest_route=\/wp\/v2\/posts"}],"about":[{"href":"https:\/\/minaguas.gob.ve\/index.php?rest_route=\/wp\/v2\/types\/post"}],"author":[{"embeddable":true,"href":"https:\/\/minaguas.gob.ve\/index.php?rest_route=\/wp\/v2\/users\/28"}],"replies":[{"embeddable":true,"href":"https:\/\/minaguas.gob.ve\/index.php?rest_route=%2Fwp%2Fv2%2Fcomments&post=7717"}],"version-history":[{"count":0,"href":"https:\/\/minaguas.gob.ve\/index.php?rest_route=\/wp\/v2\/posts\/7717\/revisions"}],"wp:featuredmedia":[{"embeddable":true,"href":"https:\/\/minaguas.gob.ve\/index.php?rest_route=\/wp\/v2\/media\/7719"}],"wp:attachment":[{"href":"https:\/\/minaguas.gob.ve\/index.php?rest_route=%2Fwp%2Fv2%2Fmedia&parent=7717"}],"wp:term":[{"taxonomy":"category","embeddable":true,"href":"https:\/\/minaguas.gob.ve\/index.php?rest_route=%2Fwp%2Fv2%2Fcategories&post=7717"},{"taxonomy":"post_tag","embeddable":true,"href":"https:\/\/minaguas.gob.ve\/index.php?rest_route=%2Fwp%2Fv2%2Ftags&post=7717"}],"curies":[{"name":"wp","href":"https:\/\/api.w.org\/{rel}","templated":true}]}}