{"id":762,"date":"2021-07-10T12:23:00","date_gmt":"2021-07-10T16:23:00","guid":{"rendered":"https:\/\/minaguas.gob.ve\/?p=762"},"modified":"2021-08-26T12:26:47","modified_gmt":"2021-08-26T16:26:47","slug":"minaguas-participo-en-despliegue-integral-para-atender-a-familias-en-carabobo","status":"publish","type":"post","link":"https:\/\/minaguas.gob.ve\/?p=762","title":{"rendered":"MinAguas particip\u00f3 en despliegue integral para atender a familias en Carabobo"},"content":{"rendered":"\n<div class=\"wp-block-image\"><figure class=\"aligncenter size-full\"><img loading=\"lazy\" decoding=\"async\" width=\"960\" height=\"640\" src=\"https:\/\/minaguas.gob.ve\/wp-content\/uploads\/2021\/08\/IMG-20210710-WA0014.jpg\" alt=\"\" class=\"wp-image-763\" srcset=\"https:\/\/minaguas.gob.ve\/wp-content\/uploads\/2021\/08\/IMG-20210710-WA0014.jpg 960w, https:\/\/minaguas.gob.ve\/wp-content\/uploads\/2021\/08\/IMG-20210710-WA0014-300x200.jpg 300w, https:\/\/minaguas.gob.ve\/wp-content\/uploads\/2021\/08\/IMG-20210710-WA0014-768x512.jpg 768w\" sizes=\"auto, (max-width: 960px) 100vw, 960px\" \/><\/figure><\/div>\n\n\n\n<p><em><strong>Se ejecutaron actividades orientadas a brindar un mejor servicio y fortalecer los procesos productivos en materia de agua para los carabobe\u00f1os<\/strong><\/em><\/p>\n\n\n\n<p><strong>Prensa MinAguas (10-07-2021)<\/strong> El pueblo organizado que hace vida en la Base de Misiones 23 de Enero de la Comuna Hijos de Bol\u00edvar, ubicada en la parroquia Los Guayos del estado Carabobo, fue beneficiado con una jornada de atenci\u00f3n integral, como parte del despliegue del Plan Amor en Acci\u00f3n a las V\u00edctimas del Bloqueo Econ\u00f3mico.<\/p>\n\n\n\n<p>En el despliegue particip\u00f3 la viceministra de Gesti\u00f3n Popular de las Aguas, Jeniree Zerpa; el viceministro de Transporte Acu\u00e1tico, almirante Eglis Herrera; el viceministro de Ambiente, Luis Palacios; la dirigente del Movimiento Somos Venezuela en Carabobo, Elizabeth Ni\u00f1o; el responsable Regional de Corpoelec, Jes\u00fas Arcadio, junto a voceros y voceras del Poder Popular.<\/p>\n\n\n\n<p>\u201cSomos 17 comunidades y todas estamos bien organizadas. Estamos trabajando unidos, porque sin comuna no podemos hacer nada\u201d, precis\u00f3.<\/p>\n\n\n\n<figure class=\"wp-block-image size-full\"><img loading=\"lazy\" decoding=\"async\" width=\"960\" height=\"640\" src=\"https:\/\/minaguas.gob.ve\/wp-content\/uploads\/2021\/08\/IMG-20210710-WA0015.jpg\" alt=\"\" class=\"wp-image-764\" srcset=\"https:\/\/minaguas.gob.ve\/wp-content\/uploads\/2021\/08\/IMG-20210710-WA0015.jpg 960w, https:\/\/minaguas.gob.ve\/wp-content\/uploads\/2021\/08\/IMG-20210710-WA0015-300x200.jpg 300w, https:\/\/minaguas.gob.ve\/wp-content\/uploads\/2021\/08\/IMG-20210710-WA0015-768x512.jpg 768w\" sizes=\"auto, (max-width: 960px) 100vw, 960px\" \/><\/figure>\n\n\n\n<p><strong>Protecci\u00f3n inmediata<br><\/strong><br>Como parte de la jornada se plante\u00f3 la organizaci\u00f3n de las Mesas T\u00e9cnicas de Agua, teniendo como punto y c\u00edrculo esta Base de Misiones, a fin de avanzar en la consecuci\u00f3n del objetivo com\u00fan de dignificar al pueblo.<\/p>\n\n\n\n<p>Asimismo, se acord\u00f3 una reuni\u00f3n entre Barrio Nuevo Barrio Tricolor, la Direcci\u00f3n de Servicios P\u00fablicos de la Alcald\u00eda de Los Guayos, la Subgerencia de Distribuci\u00f3n de Hidrocentro, la Gerencia de Proyecto de Hidrocentro y la Gerencia de Gesti\u00f3n Popular de las Aguas, para dar inicio al levantamiento del proyecto de construcci\u00f3n de las redes de agua potable y aguas servidas en la localidad.<\/p>\n\n\n\n<p>La actividad tambi\u00e9n fue favorable para brindar atenci\u00f3n m\u00e9dica, adem\u00e1s de entregas de medicamentos a las familias m\u00e1s vulnerables del sector, especialmente a embarazadas, ni\u00f1os y j\u00f3venes.<\/p>\n\n\n\n<p>Asimismo, la comunidad del 23 de Enero expuso la cartograf\u00eda de su localidad, para mostrar las bondades y necesidades de sus habitantes, evidenciando un alto nivel de organizaci\u00f3n de los voceros comunales y los brigadistas de Somos Venezuela, lo que facilita el trabajo efectivo entre el Gobierno Bolivariano y el Poder Popular, tal como lo ha solicitado el presidente de la Rep\u00fablica, Nicol\u00e1s Maduro Moros.<\/p>\n\n\n\n<figure class=\"wp-block-gallery columns-2 is-cropped wp-block-gallery-1 is-layout-flex wp-block-gallery-is-layout-flex\"><ul class=\"blocks-gallery-grid\"><li class=\"blocks-gallery-item\"><figure><img loading=\"lazy\" decoding=\"async\" width=\"960\" height=\"640\" src=\"https:\/\/minaguas.gob.ve\/wp-content\/uploads\/2021\/08\/IMG-20210710-WA0023.jpg\" alt=\"\" data-id=\"765\" data-full-url=\"https:\/\/minaguas.gob.ve\/wp-content\/uploads\/2021\/08\/IMG-20210710-WA0023.jpg\" data-link=\"https:\/\/minaguas.gob.ve\/?attachment_id=765\" class=\"wp-image-765\" srcset=\"https:\/\/minaguas.gob.ve\/wp-content\/uploads\/2021\/08\/IMG-20210710-WA0023.jpg 960w, https:\/\/minaguas.gob.ve\/wp-content\/uploads\/2021\/08\/IMG-20210710-WA0023-300x200.jpg 300w, https:\/\/minaguas.gob.ve\/wp-content\/uploads\/2021\/08\/IMG-20210710-WA0023-768x512.jpg 768w\" sizes=\"auto, (max-width: 960px) 100vw, 960px\" \/><\/figure><\/li><li class=\"blocks-gallery-item\"><figure><img loading=\"lazy\" decoding=\"async\" width=\"960\" height=\"640\" src=\"https:\/\/minaguas.gob.ve\/wp-content\/uploads\/2021\/08\/IMG-20210710-WA0010.jpg\" alt=\"\" data-id=\"766\" data-full-url=\"https:\/\/minaguas.gob.ve\/wp-content\/uploads\/2021\/08\/IMG-20210710-WA0010.jpg\" data-link=\"https:\/\/minaguas.gob.ve\/?attachment_id=766\" class=\"wp-image-766\" srcset=\"https:\/\/minaguas.gob.ve\/wp-content\/uploads\/2021\/08\/IMG-20210710-WA0010.jpg 960w, https:\/\/minaguas.gob.ve\/wp-content\/uploads\/2021\/08\/IMG-20210710-WA0010-300x200.jpg 300w, https:\/\/minaguas.gob.ve\/wp-content\/uploads\/2021\/08\/IMG-20210710-WA0010-768x512.jpg 768w\" sizes=\"auto, (max-width: 960px) 100vw, 960px\" \/><\/figure><\/li><\/ul><\/figure>\n","protected":false},"excerpt":{"rendered":"<p>Se ejecutaron actividades orientadas a brindar un mejor servicio y fortalecer los procesos productivos en materia de agua para los carabobe\u00f1os Prensa MinAguas (10-07-2021) El pueblo organizado que hace vida en la Base de Misiones 23 de Enero de la Comuna Hijos de Bol\u00edvar, ubicada en la parroquia Los Guayos del estado Carabobo, fue beneficiado [&hellip;]<\/p>\n","protected":false},"author":28,"featured_media":763,"comment_status":"open","ping_status":"open","sticky":false,"template":"","format":"standard","meta":{"footnotes":""},"categories":[1],"tags":[23],"class_list":["post-762","post","type-post","status-publish","format-standard","has-post-thumbnail","hentry","category-noticias","tag-jornada-social"],"_links":{"self":[{"href":"https:\/\/minaguas.gob.ve\/index.php?rest_route=\/wp\/v2\/posts\/762","targetHints":{"allow":["GET"]}}],"collection":[{"href":"https:\/\/minaguas.gob.ve\/index.php?rest_route=\/wp\/v2\/posts"}],"about":[{"href":"https:\/\/minaguas.gob.ve\/index.php?rest_route=\/wp\/v2\/types\/post"}],"author":[{"embeddable":true,"href":"https:\/\/minaguas.gob.ve\/index.php?rest_route=\/wp\/v2\/users\/28"}],"replies":[{"embeddable":true,"href":"https:\/\/minaguas.gob.ve\/index.php?rest_route=%2Fwp%2Fv2%2Fcomments&post=762"}],"version-history":[{"count":0,"href":"https:\/\/minaguas.gob.ve\/index.php?rest_route=\/wp\/v2\/posts\/762\/revisions"}],"wp:featuredmedia":[{"embeddable":true,"href":"https:\/\/minaguas.gob.ve\/index.php?rest_route=\/wp\/v2\/media\/763"}],"wp:attachment":[{"href":"https:\/\/minaguas.gob.ve\/index.php?rest_route=%2Fwp%2Fv2%2Fmedia&parent=762"}],"wp:term":[{"taxonomy":"category","embeddable":true,"href":"https:\/\/minaguas.gob.ve\/index.php?rest_route=%2Fwp%2Fv2%2Fcategories&post=762"},{"taxonomy":"post_tag","embeddable":true,"href":"https:\/\/minaguas.gob.ve\/index.php?rest_route=%2Fwp%2Fv2%2Ftags&post=762"}],"curies":[{"name":"wp","href":"https:\/\/api.w.org\/{rel}","templated":true}]}}