{"id":7473,"date":"2024-02-14T11:02:55","date_gmt":"2024-02-14T15:02:55","guid":{"rendered":"https:\/\/minaguas.gob.ve\/?p=7473"},"modified":"2024-02-14T11:03:09","modified_gmt":"2024-02-14T15:03:09","slug":"puesta-en-marcha-de-pozo-6-de-urmiquire-en-yaracuy","status":"publish","type":"post","link":"https:\/\/minaguas.gob.ve\/?p=7473","title":{"rendered":"Puesta en marcha de pozo 6 de Urmiquire en Yaracuy"},"content":{"rendered":"<div class=\"wp-block-image\">\n<figure class=\"aligncenter size-full\"><img loading=\"lazy\" decoding=\"async\" width=\"2560\" height=\"1920\" src=\"https:\/\/minaguas.gob.ve\/wp-content\/uploads\/2024\/02\/1707493938489.jpg\" alt=\"\" class=\"wp-image-7474\" \/><\/figure>\n<\/div>\n\n\n<p><\/p>\n\n\n\n<p><strong>(Prensa MinAguas \/ Aguas de Yaracuy 14-02-2024).-<\/strong> M\u00e1s de 25 mil habitantes del municipio Pe\u00f1a, son atendidos con la puesta en marcha del pozo 6 de Urmiquire, luego de la instalaci\u00f3n de un motor de 40 Hp, para alcanzar 25 litros de agua por segundo.<\/p>\n\n\n\n<p>El presidente del ente h\u00eddrico, Juan Luis Vel\u00e1squez, resalt\u00f3 que la puesta en marcha del pozo profundo es gracias a la gesti\u00f3n del ministro del Poder Popular de Atenci\u00f3n de las Aguas G\/D Rodolfo Marco Torres, y el gobernador Julio Le\u00f3n, quienes mensualmente dotan de equipos a la entidad yaracuyana para solventar reportes generados a trav\u00e9s de la VenApp.<\/p>\n\n\n\n<p>Finalmente, asegur\u00f3 que enmarcado en el Mapa de Soluciones y la Agenda Concreta de Acci\u00f3n del Poder Popular, de manera progresiva se rehabilitan estas fuentes h\u00eddricas en diferentes comunidades de la entidad.<\/p>\n\n\n\n<p>De esta manera, el Gobierno Bolivariano cumple las 7T del Plan Nacional, como lo instruy\u00f3 el presidente de la Rep\u00fablica, Nicol\u00e1s Maduro, con el objetivo de fortalecer los servicios p\u00fablicos en el pa\u00eds.<\/p>\n\n\n\n<figure class=\"wp-block-gallery has-nested-images columns-default is-cropped wp-block-gallery-1 is-layout-flex wp-block-gallery-is-layout-flex\">\n<figure class=\"wp-block-image size-large\"><img loading=\"lazy\" decoding=\"async\" width=\"750\" height=\"754\" data-id=\"7475\" src=\"https:\/\/minaguas.gob.ve\/wp-content\/uploads\/2024\/02\/yara.jpg\" alt=\"\" class=\"wp-image-7475\" \/><\/figure>\n\n\n\n<figure class=\"wp-block-image size-large\"><img loading=\"lazy\" decoding=\"async\" width=\"540\" height=\"698\" data-id=\"7476\" src=\"https:\/\/minaguas.gob.ve\/wp-content\/uploads\/2024\/02\/ya.jpg\" alt=\"\" class=\"wp-image-7476\" \/><\/figure>\n<\/figure>\n","protected":false},"excerpt":{"rendered":"<p>(Prensa MinAguas \/ Aguas de Yaracuy 14-02-2024).- M\u00e1s de 25 mil habitantes del municipio Pe\u00f1a, son atendidos con la puesta en marcha del pozo 6 de Urmiquire, luego de la instalaci\u00f3n de un motor de 40 Hp, para alcanzar 25 litros de agua por segundo. El presidente del ente h\u00eddrico, Juan Luis Vel\u00e1squez, resalt\u00f3 que [&hellip;]<\/p>\n","protected":false},"author":28,"featured_media":7474,"comment_status":"open","ping_status":"open","sticky":false,"template":"","format":"standard","meta":{"footnotes":""},"categories":[1],"tags":[52,143,31,24,45],"class_list":["post-7473","post","type-post","status-publish","format-standard","has-post-thumbnail","hentry","category-noticias","tag-aguas-de-yaracuy","tag-plan-7t","tag-pozos-profundos","tag-pueblo-trabajador-del-agua","tag-regionales"],"_links":{"self":[{"href":"https:\/\/minaguas.gob.ve\/index.php?rest_route=\/wp\/v2\/posts\/7473","targetHints":{"allow":["GET"]}}],"collection":[{"href":"https:\/\/minaguas.gob.ve\/index.php?rest_route=\/wp\/v2\/posts"}],"about":[{"href":"https:\/\/minaguas.gob.ve\/index.php?rest_route=\/wp\/v2\/types\/post"}],"author":[{"embeddable":true,"href":"https:\/\/minaguas.gob.ve\/index.php?rest_route=\/wp\/v2\/users\/28"}],"replies":[{"embeddable":true,"href":"https:\/\/minaguas.gob.ve\/index.php?rest_route=%2Fwp%2Fv2%2Fcomments&post=7473"}],"version-history":[{"count":0,"href":"https:\/\/minaguas.gob.ve\/index.php?rest_route=\/wp\/v2\/posts\/7473\/revisions"}],"wp:featuredmedia":[{"embeddable":true,"href":"https:\/\/minaguas.gob.ve\/index.php?rest_route=\/wp\/v2\/media\/7474"}],"wp:attachment":[{"href":"https:\/\/minaguas.gob.ve\/index.php?rest_route=%2Fwp%2Fv2%2Fmedia&parent=7473"}],"wp:term":[{"taxonomy":"category","embeddable":true,"href":"https:\/\/minaguas.gob.ve\/index.php?rest_route=%2Fwp%2Fv2%2Fcategories&post=7473"},{"taxonomy":"post_tag","embeddable":true,"href":"https:\/\/minaguas.gob.ve\/index.php?rest_route=%2Fwp%2Fv2%2Ftags&post=7473"}],"curies":[{"name":"wp","href":"https:\/\/api.w.org\/{rel}","templated":true}]}}