{"id":7343,"date":"2024-01-31T18:13:24","date_gmt":"2024-01-31T22:13:24","guid":{"rendered":"https:\/\/minaguas.gob.ve\/?p=7343"},"modified":"2024-01-31T18:13:24","modified_gmt":"2024-01-31T22:13:24","slug":"mantenimiento-al-embalse-de-tule-optimiza-distribucion-de-agua-en-el-zulia","status":"publish","type":"post","link":"https:\/\/minaguas.gob.ve\/?p=7343","title":{"rendered":"Mantenimiento al embalse de Tul\u00e9 optimiza distribuci\u00f3n de agua en el Zulia"},"content":{"rendered":"\n<p><strong>(Prensa MinAguas\/ Hidrolago 31-01-2024).-<\/strong> En cumplimiento de las pol\u00edticas del Gobierno Nacional de ejecutar acciones concretas y efectivas para garantizar el servicio de agua potable a la poblaci\u00f3n, orientadas por la Vicepresidencia Sectorial de Obras P\u00fablicas y Servicios, a trav\u00e9s del Ministerio del Poder Popular de la Atenci\u00f3n de las Aguas; la Fuerza Trabajadora de Hidrolago realiz\u00f3 el mantenimiento correctivo y preventivo del embalse de Tul\u00e9, ubicado en la base de la Sierra de Perij\u00e1.<\/p>\n\n\n\n<p>Como parte de las jornadas de atenci\u00f3n permanente a embalses, plantas potabilizadoras y estaciones de bombeo de agua potable y saneamiento en el Zulia, el equipo de fuentes h\u00eddricas de la hidrol\u00f3gica regional se despleg\u00f3 en el embalse para medir caudales en el sistema de conducci\u00f3n desde la Estaci\u00f3n de Bombeo Tul\u00e9 hasta la Planta Potabilizadora Alonso de Ojeda (Planta C). <\/p>\n\n\n\n<p>Las labores de medici\u00f3n con caudal\u00edmetro se desarrollaron en la aducci\u00f3n Tul\u00e9 &#8211; Embalse El Tablazo, espec\u00edficamente en tuber\u00edas de 48 y 120 pulgadas, as\u00ed como en la tuber\u00eda de 72 pulgadas de la aducci\u00f3n Tres R\u00edos, en la llegada a la tanquilla de rompecarga de Cerro e\u2019 Cochino.<\/p>\n\n\n\n<p>Al mismo tiempo, Hidrolago inspeccion\u00f3 condiciones operativas de la compuerta del gasto ecol\u00f3gico, realiz\u00f3 la limpieza y retiro de plantas acu\u00e1ticas en el canal de la toma principal del embalse, en un \u00e1rea de aproximadamente mil metros cuadrados.<\/p>\n\n\n\n<p>Las cuadrillas de operaci\u00f3n y mantenimiento, se abocaron al desmalezamiento, deforestaci\u00f3n, corte y poda de vegetaci\u00f3n en las \u00e1reas verdes, adem\u00e1s de la aplicaci\u00f3n de pintura en la caseta de operaci\u00f3n de las compuertas y rejillas de la toma principal del embalse.<\/p>\n\n\n\n<p><\/p>\n\n\n\n<figure class=\"wp-block-gallery has-nested-images columns-default is-cropped wp-block-gallery-1 is-layout-flex wp-block-gallery-is-layout-flex\">\n<figure class=\"wp-block-image size-large\"><img loading=\"lazy\" decoding=\"async\" width=\"1040\" height=\"780\" data-id=\"7345\" src=\"https:\/\/minaguas.gob.ve\/wp-content\/uploads\/2024\/01\/SABADO-DE-EMBALSE-EN-TULE-20ENERO2024-2-1.jpg\" alt=\"\" class=\"wp-image-7345\" \/><\/figure>\n\n\n\n<figure class=\"wp-block-image size-large\"><img loading=\"lazy\" decoding=\"async\" width=\"1080\" height=\"486\" data-id=\"7346\" src=\"https:\/\/minaguas.gob.ve\/wp-content\/uploads\/2024\/01\/SABADO-DE-EMBALSE-EN-TULE-20ENERO2024-4.jpg\" alt=\"\" class=\"wp-image-7346\" \/><\/figure>\n<\/figure>\n","protected":false},"excerpt":{"rendered":"<p>(Prensa MinAguas\/ Hidrolago 31-01-2024).- En cumplimiento de las pol\u00edticas del Gobierno Nacional de ejecutar acciones concretas y efectivas para garantizar el servicio de agua potable a la poblaci\u00f3n, orientadas por la Vicepresidencia Sectorial de Obras P\u00fablicas y Servicios, a trav\u00e9s del Ministerio del Poder Popular de la Atenci\u00f3n de las Aguas; la Fuerza Trabajadora de [&hellip;]<\/p>\n","protected":false},"author":28,"featured_media":7344,"comment_status":"open","ping_status":"open","sticky":false,"template":"","format":"standard","meta":{"footnotes":""},"categories":[1],"tags":[42,13,141,72,24,45],"class_list":["post-7343","post","type-post","status-publish","format-standard","has-post-thumbnail","hentry","category-noticias","tag-agua-potable","tag-brippas","tag-embalse","tag-hidrolago","tag-pueblo-trabajador-del-agua","tag-regionales"],"_links":{"self":[{"href":"https:\/\/minaguas.gob.ve\/index.php?rest_route=\/wp\/v2\/posts\/7343","targetHints":{"allow":["GET"]}}],"collection":[{"href":"https:\/\/minaguas.gob.ve\/index.php?rest_route=\/wp\/v2\/posts"}],"about":[{"href":"https:\/\/minaguas.gob.ve\/index.php?rest_route=\/wp\/v2\/types\/post"}],"author":[{"embeddable":true,"href":"https:\/\/minaguas.gob.ve\/index.php?rest_route=\/wp\/v2\/users\/28"}],"replies":[{"embeddable":true,"href":"https:\/\/minaguas.gob.ve\/index.php?rest_route=%2Fwp%2Fv2%2Fcomments&post=7343"}],"version-history":[{"count":0,"href":"https:\/\/minaguas.gob.ve\/index.php?rest_route=\/wp\/v2\/posts\/7343\/revisions"}],"wp:featuredmedia":[{"embeddable":true,"href":"https:\/\/minaguas.gob.ve\/index.php?rest_route=\/wp\/v2\/media\/7344"}],"wp:attachment":[{"href":"https:\/\/minaguas.gob.ve\/index.php?rest_route=%2Fwp%2Fv2%2Fmedia&parent=7343"}],"wp:term":[{"taxonomy":"category","embeddable":true,"href":"https:\/\/minaguas.gob.ve\/index.php?rest_route=%2Fwp%2Fv2%2Fcategories&post=7343"},{"taxonomy":"post_tag","embeddable":true,"href":"https:\/\/minaguas.gob.ve\/index.php?rest_route=%2Fwp%2Fv2%2Ftags&post=7343"}],"curies":[{"name":"wp","href":"https:\/\/api.w.org\/{rel}","templated":true}]}}