{"id":7249,"date":"2024-01-25T10:42:52","date_gmt":"2024-01-25T14:42:52","guid":{"rendered":"https:\/\/minaguas.gob.ve\/?p=7249"},"modified":"2024-01-25T11:22:38","modified_gmt":"2024-01-25T15:22:38","slug":"hidrocapital-culmina-con-exito-el-mantenimiento-preventivo-y-correctivo-del-sistema-panamericano","status":"publish","type":"post","link":"https:\/\/minaguas.gob.ve\/?p=7249","title":{"rendered":"Hidrocapital culmina con \u00e9xito el mantenimiento preventivo y correctivo del Sistema Panamericano"},"content":{"rendered":"\n<p><em>Con estos trabajos se garantiza la continuidad y mejora en el sistema de abastecimiento en los municipios Carrizal y Los Salias del estado Miranda y parte de la parroquia Caricuao del Distrito Capital.<\/em><\/p>\n\n\n\n<figure class=\"wp-block-image size-full\"><img loading=\"lazy\" decoding=\"async\" width=\"2560\" height=\"1920\" src=\"https:\/\/minaguas.gob.ve\/wp-content\/uploads\/2024\/01\/1000239811.jpg\" alt=\"\" class=\"wp-image-7251\" \/><\/figure>\n\n\n\n<p><strong>(Prensa MinAguas \/ Hidrocapital 24-01-2024).-<\/strong> Gracias a las pol\u00edticas del Gobierno Bolivariano, la fuerza trabajadora de Hidrocapital se despleg\u00f3 en los Altos Mirandinos, en el marco de una parada programada, para llevar a cabo trabajos de mantenimiento preventivo y correctivo al Sistema Panamericano.<\/p>\n\n\n\n<p>En articulaci\u00f3n con el Ministerio del Poder Popular de Atenci\u00f3n de las Aguas, fueron activados diferentes frentes de trabajo, en estaciones de bombeo y en abordaje de aver\u00edas, para garantizar la continuidad del servicio y mejorar el sistema de abastecimiento en los municipios Carrizal y Los Salias del estado Miranda y parte de la parroquia Caricuao del Distrito Capital.<\/p>\n\n\n\n<p>Fue reparada una aver\u00eda en tuber\u00eda de 54 pulgadas, en el sector El Cuj\u00ed del municipio Los Salias y otra rotura en tuber\u00eda de 48 pulgadas en el C.C. Los Altos, sector Los Picachos.<\/p>\n\n\n\n<p>De igual forma se realiz\u00f3 la atenci\u00f3n de aver\u00eda en tuber\u00eda de 36 pulgadas en el kil\u00f3metro 18 de la carretera Panamericana. En el sector La Carbonera del municipio Carrizal, fueron corregidas cinco aver\u00edas, donde se colocaron planchas de acero con trabajos de soldadura.<\/p>\n\n\n\n<p>Con la misi\u00f3n de mantener en \u00f3ptimo estado la infraestructura h\u00eddrica y darle continuidad al servicio, tambi\u00e9n se realizaron trabajos de instalaci\u00f3n de v\u00e1lvula en la estaci\u00f3n de bombeo 1. Adem\u00e1s se efectu\u00f3 mantenimiento de interruptores, sistemas el\u00e9ctricos y mec\u00e1nicos en las estaciones 1, 2 y 3 del Sistema Panamericano.<\/p>\n\n\n\n<p>Es as\u00ed como Hidrocapital bajo los lineamientos del presidente de la Rep\u00fablica, Nicol\u00e1s Maduro Moros, trabaja d\u00eda y noche con el objetivo de seguir garantizando a la poblaci\u00f3n un servicio de calidad.<\/p>\n\n\n\n<figure class=\"wp-block-gallery has-nested-images columns-default is-cropped wp-block-gallery-1 is-layout-flex wp-block-gallery-is-layout-flex\">\n<figure class=\"wp-block-image size-large\"><img loading=\"lazy\" decoding=\"async\" width=\"2560\" height=\"1920\" data-id=\"7252\" src=\"https:\/\/minaguas.gob.ve\/wp-content\/uploads\/2024\/01\/1000239810.jpg\" alt=\"\" class=\"wp-image-7252\" \/><\/figure>\n\n\n\n<figure class=\"wp-block-image size-large\"><img loading=\"lazy\" decoding=\"async\" width=\"1126\" height=\"1162\" data-id=\"7253\" src=\"https:\/\/minaguas.gob.ve\/wp-content\/uploads\/2024\/01\/1000239814.jpg\" alt=\"\" class=\"wp-image-7253\" \/><\/figure>\n<\/figure>\n","protected":false},"excerpt":{"rendered":"<p>Con estos trabajos se garantiza la continuidad y mejora en el sistema de abastecimiento en los municipios Carrizal y Los Salias del estado Miranda y parte de la parroquia Caricuao del Distrito Capital. (Prensa MinAguas \/ Hidrocapital 24-01-2024).- Gracias a las pol\u00edticas del Gobierno Bolivariano, la fuerza trabajadora de Hidrocapital se despleg\u00f3 en los Altos [&hellip;]<\/p>\n","protected":false},"author":28,"featured_media":7250,"comment_status":"open","ping_status":"open","sticky":false,"template":"","format":"standard","meta":{"footnotes":""},"categories":[1],"tags":[42,77,13,36,8,24],"class_list":["post-7249","post","type-post","status-publish","format-standard","has-post-thumbnail","hentry","category-noticias","tag-agua-potable","tag-aguas-servidas","tag-brippas","tag-hidrocapital","tag-nacionales","tag-pueblo-trabajador-del-agua"],"_links":{"self":[{"href":"https:\/\/minaguas.gob.ve\/index.php?rest_route=\/wp\/v2\/posts\/7249","targetHints":{"allow":["GET"]}}],"collection":[{"href":"https:\/\/minaguas.gob.ve\/index.php?rest_route=\/wp\/v2\/posts"}],"about":[{"href":"https:\/\/minaguas.gob.ve\/index.php?rest_route=\/wp\/v2\/types\/post"}],"author":[{"embeddable":true,"href":"https:\/\/minaguas.gob.ve\/index.php?rest_route=\/wp\/v2\/users\/28"}],"replies":[{"embeddable":true,"href":"https:\/\/minaguas.gob.ve\/index.php?rest_route=%2Fwp%2Fv2%2Fcomments&post=7249"}],"version-history":[{"count":0,"href":"https:\/\/minaguas.gob.ve\/index.php?rest_route=\/wp\/v2\/posts\/7249\/revisions"}],"wp:featuredmedia":[{"embeddable":true,"href":"https:\/\/minaguas.gob.ve\/index.php?rest_route=\/wp\/v2\/media\/7250"}],"wp:attachment":[{"href":"https:\/\/minaguas.gob.ve\/index.php?rest_route=%2Fwp%2Fv2%2Fmedia&parent=7249"}],"wp:term":[{"taxonomy":"category","embeddable":true,"href":"https:\/\/minaguas.gob.ve\/index.php?rest_route=%2Fwp%2Fv2%2Fcategories&post=7249"},{"taxonomy":"post_tag","embeddable":true,"href":"https:\/\/minaguas.gob.ve\/index.php?rest_route=%2Fwp%2Fv2%2Ftags&post=7249"}],"curies":[{"name":"wp","href":"https:\/\/api.w.org\/{rel}","templated":true}]}}