{"id":7237,"date":"2024-01-24T09:37:33","date_gmt":"2024-01-24T13:37:33","guid":{"rendered":"https:\/\/minaguas.gob.ve\/?p=7237"},"modified":"2024-01-24T15:26:56","modified_gmt":"2024-01-24T19:26:56","slug":"minaguas-reporto-9082-de-efectividad-en-1x10-del-buen-gobierno-en-miranda","status":"publish","type":"post","link":"https:\/\/minaguas.gob.ve\/?p=7237","title":{"rendered":"MinAguas report\u00f3 90,82 % de efectividad en 1&#215;10 del Buen Gobierno en Miranda"},"content":{"rendered":"\n<p><em>El Plan Integral de Atenci\u00f3n de los Servicios P\u00fablicos para el Pueblo se despleg\u00f3 en el estado Miranda con base a las 7T 2030<\/em><\/p>\n\n\n\n<figure class=\"wp-block-embed is-type-rich is-provider-twitter wp-block-embed-twitter\"><div class=\"wp-block-embed__wrapper\">\nhttps:\/\/twitter.com\/RMarcoTorres\/status\/1749948574136188962?t=DiaVonfvBCvEp8O5GWhMZg&#038;s=19\n<\/div><\/figure>\n\n\n\n<p><strong>(Prensa MinAguas 23-01-2024).- <\/strong>El ministro del Poder Popular de Atenci\u00f3n de las Aguas, G\/D Rodolfo Marco Torres, particip\u00f3 este martes 23 de enero en una reuni\u00f3n de trabajo en el contexto del Plan Integral de Atenci\u00f3n de los Servicios P\u00fablicos para el Pueblo, en cumplimiento de la instrucci\u00f3n del presidente de la Rep\u00fablica, Nicol\u00e1s Maduro, de crear el mapa de soluciones para atender las necesidades de la poblaci\u00f3n en los ejes territoriales priorizados.<\/p>\n\n\n\n<p>Durante la actividad presidida por el vicepresidente Sectorial de Obras P\u00fablicas y Servicios, G\/J N\u00e9stor Reverol y el gobernador del estado Miranda, H\u00e9ctor Rodr\u00edguez, los ministros que integran la VSOPS evaluaron la Agenda Concreta de Acci\u00f3n para brindar soluciones en materia de agua, gas, energ\u00eda el\u00e9ctrica, telecomunicaciones, transporte, infraestructura y medio ambiente. <\/p>\n\n\n\n<p>\u00abSe han unido los esfuerzos y se est\u00e1n viendo los resultados. Tenemos un plan de acci\u00f3n en cada uno de los ejes, donde evaluamos semanalmente los acueductos. En el caso de Miranda, tenemos un porcentaje de efectividad en el cumplimiento del 1&#215;10 del Buen Gobierno de 90,82 %. De los 21 mil 292 casos que se han recibido, 19 mil 337 han sido resueltos\u00bb, precis\u00f3 el titular de la cartera de Aguas sobre la gesti\u00f3n de Hidrocapital en los diferentes municipios de la entidad.<\/p>\n\n\n\n<figure class=\"wp-block-embed is-type-video is-provider-youtube wp-block-embed-youtube wp-embed-aspect-4-3 wp-has-aspect-ratio\"><div class=\"wp-block-embed__wrapper\">\n<iframe loading=\"lazy\" title=\"MinAguas report\u00f3 90,82 % de efectividad en 1\u00d710 del Buen Gobierno en Miranda\" width=\"640\" height=\"480\" src=\"https:\/\/www.youtube.com\/embed\/zaH2jMkTVlE?feature=oembed\" frameborder=\"0\" allow=\"accelerometer; autoplay; clipboard-write; encrypted-media; gyroscope; picture-in-picture; web-share\" referrerpolicy=\"strict-origin-when-cross-origin\" allowfullscreen><\/iframe>\n<\/div><\/figure>\n\n\n\n<p><strong>Obras h\u00eddricas para Miranda<\/strong><\/p>\n\n\n\n<p>Las inversiones y obras ejecutadas, han permitido estabilizar el abastecimiento de agua en la entidad, entre las que cuentan: fortalecimiento del Sistema Tuy, equipamiento de los 8 acueductos, plan especial de valvuleo, adecuaci\u00f3n electromec\u00e1nica en las estaciones de bombeo y plantas potabilizadoras, recuperaci\u00f3n de los diques toma y activaci\u00f3n de 60 pozos en Miranda, de los cuales 18 son nuevos.<\/p>\n\n\n\n<p>\u00abEn el sector El Encantado (El Hatillo) se est\u00e1 haciendo un trabajo muy importante, una derivaci\u00f3n de tuber\u00eda de 85 a 100 pulgadas de 285 metros, donde se est\u00e1 haciendo un trabajo de 70 pilotes (&#8230;) ya hemos perforado 43, cada uno de 16 metros de profundidad. Eso va a tener un alto impacto porque vamos a salir de la falla recurrente y nos va a permitir darle continuidad al servicio\u00bb, destac\u00f3 el ministro.<\/p>\n\n\n\n<p>En el eje Barlovento, se lleva a cabo la rehabilitaci\u00f3n de la planta potabilizadora El Guapo, as\u00ed como el reemplazo de 300 metros de tuber\u00eda en la red de distribuci\u00f3n. Mientras que en el municipio Paz Castillo, se desarrolla un campo de pozos y, en el municipio Urdaneta, la sustituci\u00f3n de 300 metros de colectores en C\u00faa.<\/p>\n\n\n\n<p>En articulaci\u00f3n con los alcaldes de los municipios mirandinos, se acord\u00f3 dar continuidad a la atenci\u00f3n en zonas de silencio como los sectores 5 de Julio, Jos\u00e9 F\u00e9lix Ribas, La Bombilla y Mesuca en Petare; y la parroquia La Dolorita; especialmente en materia de aguas servidas durante el primer trimestre de 2024.<\/p>\n\n\n\n<figure class=\"wp-block-gallery has-nested-images columns-default is-cropped wp-block-gallery-1 is-layout-flex wp-block-gallery-is-layout-flex\">\n<figure class=\"wp-block-image size-large\"><img loading=\"lazy\" decoding=\"async\" width=\"1600\" height=\"1066\" data-id=\"7244\" src=\"https:\/\/minaguas.gob.ve\/wp-content\/uploads\/2024\/01\/WhatsApp-Image-2024-01-24-at-2.48.54-PM-3.jpeg\" alt=\"\" class=\"wp-image-7244\" \/><\/figure>\n\n\n\n<figure class=\"wp-block-image size-full\"><img loading=\"lazy\" decoding=\"async\" width=\"1600\" height=\"1066\" data-id=\"7246\" src=\"https:\/\/minaguas.gob.ve\/wp-content\/uploads\/2024\/01\/WhatsApp-Image-2024-01-24-at-3.26.06-PM.jpeg\" alt=\"\" class=\"wp-image-7246\" \/><\/figure>\n<\/figure>\n","protected":false},"excerpt":{"rendered":"<p>El Plan Integral de Atenci\u00f3n de los Servicios P\u00fablicos para el Pueblo se despleg\u00f3 en el estado Miranda con base a las 7T 2030 (Prensa MinAguas 23-01-2024).- El ministro del Poder Popular de Atenci\u00f3n de las Aguas, G\/D Rodolfo Marco Torres, particip\u00f3 este martes 23 de enero en una reuni\u00f3n de trabajo en el contexto [&hellip;]<\/p>\n","protected":false},"author":28,"featured_media":7240,"comment_status":"open","ping_status":"open","sticky":false,"template":"","format":"standard","meta":{"footnotes":""},"categories":[1],"tags":[49,42,77,36,97,8,24],"class_list":["post-7237","post","type-post","status-publish","format-standard","has-post-thumbnail","hentry","category-noticias","tag-1x10-del-buen-gobierno","tag-agua-potable","tag-aguas-servidas","tag-hidrocapital","tag-miranda","tag-nacionales","tag-pueblo-trabajador-del-agua"],"_links":{"self":[{"href":"https:\/\/minaguas.gob.ve\/index.php?rest_route=\/wp\/v2\/posts\/7237","targetHints":{"allow":["GET"]}}],"collection":[{"href":"https:\/\/minaguas.gob.ve\/index.php?rest_route=\/wp\/v2\/posts"}],"about":[{"href":"https:\/\/minaguas.gob.ve\/index.php?rest_route=\/wp\/v2\/types\/post"}],"author":[{"embeddable":true,"href":"https:\/\/minaguas.gob.ve\/index.php?rest_route=\/wp\/v2\/users\/28"}],"replies":[{"embeddable":true,"href":"https:\/\/minaguas.gob.ve\/index.php?rest_route=%2Fwp%2Fv2%2Fcomments&post=7237"}],"version-history":[{"count":0,"href":"https:\/\/minaguas.gob.ve\/index.php?rest_route=\/wp\/v2\/posts\/7237\/revisions"}],"wp:featuredmedia":[{"embeddable":true,"href":"https:\/\/minaguas.gob.ve\/index.php?rest_route=\/wp\/v2\/media\/7240"}],"wp:attachment":[{"href":"https:\/\/minaguas.gob.ve\/index.php?rest_route=%2Fwp%2Fv2%2Fmedia&parent=7237"}],"wp:term":[{"taxonomy":"category","embeddable":true,"href":"https:\/\/minaguas.gob.ve\/index.php?rest_route=%2Fwp%2Fv2%2Fcategories&post=7237"},{"taxonomy":"post_tag","embeddable":true,"href":"https:\/\/minaguas.gob.ve\/index.php?rest_route=%2Fwp%2Fv2%2Ftags&post=7237"}],"curies":[{"name":"wp","href":"https:\/\/api.w.org\/{rel}","templated":true}]}}