{"id":7028,"date":"2024-01-12T08:56:38","date_gmt":"2024-01-12T12:56:38","guid":{"rendered":"https:\/\/minaguas.gob.ve\/?p=7028"},"modified":"2024-01-12T08:56:38","modified_gmt":"2024-01-12T12:56:38","slug":"ministro-marco-torres-lidero-encuentro-nacional-de-comercializacion-para-fortalecer-inversion-en-servicio-hidrico","status":"publish","type":"post","link":"https:\/\/minaguas.gob.ve\/?p=7028","title":{"rendered":"Ministro Marco Torres lider\u00f3 encuentro nacional de comercializaci\u00f3n para fortalecer inversi\u00f3n en servicio h\u00eddrico"},"content":{"rendered":"<div class=\"wp-block-image\">\n<figure class=\"aligncenter size-full\"><img loading=\"lazy\" decoding=\"async\" width=\"1280\" height=\"960\" src=\"https:\/\/minaguas.gob.ve\/wp-content\/uploads\/2024\/01\/1000224696.jpg\" alt=\"\" class=\"wp-image-7030\" \/><\/figure>\n<\/div>\n\n\n<p>(Prensa MinAguas 10-01-2024).- El ministro del Poder Popular de Atenci\u00f3n de las Aguas, G\/D Rodolfo Marco Torres, lider\u00f3 este jueves 11 de enero el primer encuentro nacional del a\u00f1o 2024 con los 17 gerentes de comercializaci\u00f3n de las hidrol\u00f3gicas, el presidente de Hidroven, Jos\u00e9 Fragozo y el equipo comercial del MinAguas para fortelecer el plan de atenci\u00f3n al suscriptor.<\/p>\n\n\n\n<p>El ministro destaco que, como parte de las acciones que estamos tomando para perfeccionar el sistema h\u00eddrico nacional, se llev\u00f3 a cabo la jornada en la cual se revis\u00f3 la efectividad de la inversi\u00f3n a partir de la recaudaci\u00f3n recibida a trav\u00e9s de la cancelaci\u00f3n del servicio de agua comercial, industrial y residencial, al tiempo que invit\u00f3 a la poblaci\u00f3n a revisar sus contratos en l\u00ednea en cada una de las hidrol\u00f3gicas y mantener sus compromisos al d\u00eda. <\/p>\n\n\n\n<p>\u00abEsa es la orden de nuestro presidente Nicol\u00e1s Maduro Moros, trabajar de la mano con el Pueblo, de las Mesas T\u00e9cnicas de Agus, de los jefes de calle, de comunidad y de UBCH para seguir potenciando todos los servicios de agua potable y aguas servidas\u00bb, expres\u00f3 Marco Torres prop\u00f3sito del trabajo articulado entre el gobierno nacional y el Poder Popular orientado a la optimizaci\u00f3n del sistema h\u00eddrico.<\/p>\n\n\n\n<p>En ese sentido, resalt\u00f3 la efectividad de la atenci\u00f3n al 1&#215;10 del Buen Gobierno que actualmente se ubica en 85,79 % a la fecha, al tiempo que instruy\u00f3 a avanzar en la resoluci\u00f3n inmediata de las necesidades de la poblaci\u00f3n en materia h\u00eddrica, conforme a las orientaciones del presidente de la Rep\u00fablica y de la Vicepresidencia Sectorial de Obras P\u00fablicas y Servicios.<\/p>\n\n\n\n<figure class=\"wp-block-gallery has-nested-images columns-default is-cropped wp-block-gallery-1 is-layout-flex wp-block-gallery-is-layout-flex\">\n<figure class=\"wp-block-image size-large\"><img loading=\"lazy\" decoding=\"async\" width=\"1280\" height=\"960\" data-id=\"7031\" src=\"https:\/\/minaguas.gob.ve\/wp-content\/uploads\/2024\/01\/1000224694.jpg\" alt=\"\" class=\"wp-image-7031\" \/><\/figure>\n\n\n\n<figure class=\"wp-block-image size-large\"><img loading=\"lazy\" decoding=\"async\" width=\"1280\" height=\"960\" data-id=\"7032\" src=\"https:\/\/minaguas.gob.ve\/wp-content\/uploads\/2024\/01\/1000224695.jpg\" alt=\"\" class=\"wp-image-7032\" \/><\/figure>\n<\/figure>\n","protected":false},"excerpt":{"rendered":"<p>(Prensa MinAguas 10-01-2024).- El ministro del Poder Popular de Atenci\u00f3n de las Aguas, G\/D Rodolfo Marco Torres, lider\u00f3 este jueves 11 de enero el primer encuentro nacional del a\u00f1o 2024 con los 17 gerentes de comercializaci\u00f3n de las hidrol\u00f3gicas, el presidente de Hidroven, Jos\u00e9 Fragozo y el equipo comercial del MinAguas para fortelecer el plan [&hellip;]<\/p>\n","protected":false},"author":28,"featured_media":7029,"comment_status":"open","ping_status":"open","sticky":false,"template":"","format":"standard","meta":{"footnotes":""},"categories":[1],"tags":[103,42,77,128,8,24],"class_list":["post-7028","post","type-post","status-publish","format-standard","has-post-thumbnail","hentry","category-noticias","tag-1x10","tag-agua-potable","tag-aguas-servidas","tag-hidroven","tag-nacionales","tag-pueblo-trabajador-del-agua"],"_links":{"self":[{"href":"https:\/\/minaguas.gob.ve\/index.php?rest_route=\/wp\/v2\/posts\/7028","targetHints":{"allow":["GET"]}}],"collection":[{"href":"https:\/\/minaguas.gob.ve\/index.php?rest_route=\/wp\/v2\/posts"}],"about":[{"href":"https:\/\/minaguas.gob.ve\/index.php?rest_route=\/wp\/v2\/types\/post"}],"author":[{"embeddable":true,"href":"https:\/\/minaguas.gob.ve\/index.php?rest_route=\/wp\/v2\/users\/28"}],"replies":[{"embeddable":true,"href":"https:\/\/minaguas.gob.ve\/index.php?rest_route=%2Fwp%2Fv2%2Fcomments&post=7028"}],"version-history":[{"count":0,"href":"https:\/\/minaguas.gob.ve\/index.php?rest_route=\/wp\/v2\/posts\/7028\/revisions"}],"wp:featuredmedia":[{"embeddable":true,"href":"https:\/\/minaguas.gob.ve\/index.php?rest_route=\/wp\/v2\/media\/7029"}],"wp:attachment":[{"href":"https:\/\/minaguas.gob.ve\/index.php?rest_route=%2Fwp%2Fv2%2Fmedia&parent=7028"}],"wp:term":[{"taxonomy":"category","embeddable":true,"href":"https:\/\/minaguas.gob.ve\/index.php?rest_route=%2Fwp%2Fv2%2Fcategories&post=7028"},{"taxonomy":"post_tag","embeddable":true,"href":"https:\/\/minaguas.gob.ve\/index.php?rest_route=%2Fwp%2Fv2%2Ftags&post=7028"}],"curies":[{"name":"wp","href":"https:\/\/api.w.org\/{rel}","templated":true}]}}