{"id":700,"date":"2021-06-27T11:32:00","date_gmt":"2021-06-27T15:32:00","guid":{"rendered":"https:\/\/minaguas.gob.ve\/?p=700"},"modified":"2021-08-26T11:46:31","modified_gmt":"2021-08-26T15:46:31","slug":"instaladas-mesas-de-trabajo-en-cojedes-para-mejorar-redes-de-distribucion-de-agua","status":"publish","type":"post","link":"https:\/\/minaguas.gob.ve\/?p=700","title":{"rendered":"Instaladas mesas de trabajo en Cojedes para mejorar redes de distribuci\u00f3n de agua"},"content":{"rendered":"\n<div class=\"wp-block-image\"><figure class=\"aligncenter size-large\"><img loading=\"lazy\" decoding=\"async\" width=\"1024\" height=\"1024\" src=\"https:\/\/minaguas.gob.ve\/wp-content\/uploads\/2021\/08\/IMG-20210626-WA0064-1024x1024.jpg\" alt=\"\" class=\"wp-image-701\" srcset=\"https:\/\/minaguas.gob.ve\/wp-content\/uploads\/2021\/08\/IMG-20210626-WA0064-1024x1024.jpg 1024w, https:\/\/minaguas.gob.ve\/wp-content\/uploads\/2021\/08\/IMG-20210626-WA0064-300x300.jpg 300w, https:\/\/minaguas.gob.ve\/wp-content\/uploads\/2021\/08\/IMG-20210626-WA0064-150x150.jpg 150w, https:\/\/minaguas.gob.ve\/wp-content\/uploads\/2021\/08\/IMG-20210626-WA0064-768x768.jpg 768w, https:\/\/minaguas.gob.ve\/wp-content\/uploads\/2021\/08\/IMG-20210626-WA0064.jpg 1080w\" sizes=\"auto, (max-width: 1024px) 100vw, 1024px\" \/><\/figure><\/div>\n\n\n\n<p><em><strong>En trabajo conjunto entre el Poder Popular organizado y Minaguas, se ejecutan actividades orientadas a mejorar los procesos productivos del agua y brindar un mejor servicio a los cojede\u00f1os<\/strong><\/em><\/p>\n\n\n\n<p><strong>Prensa MinAguas (27-06-2021)<\/strong> El Ministerio del Poder Popular de Atenci\u00f3n de las Aguas, a trav\u00e9s del Viceministerio de Gesti\u00f3n Popular del Agua, se despleg\u00f3, junto a la vicepresidencia sectorial de Servicios y la Gobernaci\u00f3n del estado Cojedes, en una nueva jornada de atenci\u00f3n social a las v\u00edctimas del bloqueo, en la Base de Misiones 24 de junio del municipio R\u00f3mulo Gallegos de esa entidad llanera.&nbsp;<\/p>\n\n\n\n<p>Durante la actividad, se instalaron mesas de trabajo con las vocer\u00edas de servicios de los Consejos Comunales que hacen vida en la Base de Misiones, para levantar proyectos comunitarios dirigidos a mejorar la red de agua potable y aguas servidas, en beneficio de m\u00e1s de 40 familias del sector.<\/p>\n\n\n\n<div class=\"wp-block-image\"><figure class=\"aligncenter size-large\"><img loading=\"lazy\" decoding=\"async\" width=\"1024\" height=\"1024\" src=\"https:\/\/minaguas.gob.ve\/wp-content\/uploads\/2021\/08\/IMG-20210627-WA0012-1024x1024.jpg\" alt=\"\" class=\"wp-image-703\" srcset=\"https:\/\/minaguas.gob.ve\/wp-content\/uploads\/2021\/08\/IMG-20210627-WA0012-1024x1024.jpg 1024w, https:\/\/minaguas.gob.ve\/wp-content\/uploads\/2021\/08\/IMG-20210627-WA0012-300x300.jpg 300w, https:\/\/minaguas.gob.ve\/wp-content\/uploads\/2021\/08\/IMG-20210627-WA0012-150x150.jpg 150w, https:\/\/minaguas.gob.ve\/wp-content\/uploads\/2021\/08\/IMG-20210627-WA0012-768x768.jpg 768w, https:\/\/minaguas.gob.ve\/wp-content\/uploads\/2021\/08\/IMG-20210627-WA0012.jpg 1080w\" sizes=\"auto, (max-width: 1024px) 100vw, 1024px\" \/><\/figure><\/div>\n\n\n\n<p>En esta jornada, que cont\u00f3 con el acompa\u00f1amiento de la viceministra de Gesti\u00f3n Popular de las Aguas, Jenire\u00e9 Zerpa y el viceministro de Desarrollo Productivo Agrourbano del Ministerio del Poder Popular de Agricultura Urbana, se brind\u00f3 atenci\u00f3n m\u00e9dico asistencial en diversas especialidades, as\u00ed como formaci\u00f3n educativa a trav\u00e9s de las misiones Robinson y Sucre.<\/p>\n\n\n\n<p>Asimismo, dentro del punto y c\u00edrculo del territorio se activaron diferentes mecanismos dirigidos a apuntalar la producci\u00f3n agr\u00edcola junto a las mujeres productoras de la localidad.<\/p>\n\n\n\n<div class=\"wp-block-image\"><figure class=\"aligncenter size-full\"><img loading=\"lazy\" decoding=\"async\" width=\"960\" height=\"640\" src=\"https:\/\/minaguas.gob.ve\/wp-content\/uploads\/2021\/08\/IMG-20210626-WA0063-1.jpg\" alt=\"\" class=\"wp-image-714\" srcset=\"https:\/\/minaguas.gob.ve\/wp-content\/uploads\/2021\/08\/IMG-20210626-WA0063-1.jpg 960w, https:\/\/minaguas.gob.ve\/wp-content\/uploads\/2021\/08\/IMG-20210626-WA0063-1-300x200.jpg 300w, https:\/\/minaguas.gob.ve\/wp-content\/uploads\/2021\/08\/IMG-20210626-WA0063-1-768x512.jpg 768w\" sizes=\"auto, (max-width: 960px) 100vw, 960px\" \/><\/figure><\/div>\n","protected":false},"excerpt":{"rendered":"<p>En trabajo conjunto entre el Poder Popular organizado y Minaguas, se ejecutan actividades orientadas a mejorar los procesos productivos del agua y brindar un mejor servicio a los cojede\u00f1os Prensa MinAguas (27-06-2021) El Ministerio del Poder Popular de Atenci\u00f3n de las Aguas, a trav\u00e9s del Viceministerio de Gesti\u00f3n Popular del Agua, se despleg\u00f3, junto a [&hellip;]<\/p>\n","protected":false},"author":28,"featured_media":701,"comment_status":"open","ping_status":"open","sticky":false,"template":"","format":"standard","meta":{"footnotes":""},"categories":[1],"tags":[27],"class_list":["post-700","post","type-post","status-publish","format-standard","has-post-thumbnail","hentry","category-noticias","tag-mesas-de-trabajo"],"_links":{"self":[{"href":"https:\/\/minaguas.gob.ve\/index.php?rest_route=\/wp\/v2\/posts\/700","targetHints":{"allow":["GET"]}}],"collection":[{"href":"https:\/\/minaguas.gob.ve\/index.php?rest_route=\/wp\/v2\/posts"}],"about":[{"href":"https:\/\/minaguas.gob.ve\/index.php?rest_route=\/wp\/v2\/types\/post"}],"author":[{"embeddable":true,"href":"https:\/\/minaguas.gob.ve\/index.php?rest_route=\/wp\/v2\/users\/28"}],"replies":[{"embeddable":true,"href":"https:\/\/minaguas.gob.ve\/index.php?rest_route=%2Fwp%2Fv2%2Fcomments&post=700"}],"version-history":[{"count":0,"href":"https:\/\/minaguas.gob.ve\/index.php?rest_route=\/wp\/v2\/posts\/700\/revisions"}],"wp:featuredmedia":[{"embeddable":true,"href":"https:\/\/minaguas.gob.ve\/index.php?rest_route=\/wp\/v2\/media\/701"}],"wp:attachment":[{"href":"https:\/\/minaguas.gob.ve\/index.php?rest_route=%2Fwp%2Fv2%2Fmedia&parent=700"}],"wp:term":[{"taxonomy":"category","embeddable":true,"href":"https:\/\/minaguas.gob.ve\/index.php?rest_route=%2Fwp%2Fv2%2Fcategories&post=700"},{"taxonomy":"post_tag","embeddable":true,"href":"https:\/\/minaguas.gob.ve\/index.php?rest_route=%2Fwp%2Fv2%2Ftags&post=700"}],"curies":[{"name":"wp","href":"https:\/\/api.w.org\/{rel}","templated":true}]}}