{"id":6962,"date":"2024-01-05T15:55:14","date_gmt":"2024-01-05T19:55:14","guid":{"rendered":"https:\/\/minaguas.gob.ve\/?p=6962"},"modified":"2024-01-05T15:55:53","modified_gmt":"2024-01-05T19:55:53","slug":"hidrolara-reconstruyo-27-metros-de-colector-de-aguas-servidas-en-barquisimeto","status":"publish","type":"post","link":"https:\/\/minaguas.gob.ve\/?p=6962","title":{"rendered":"Hidrolara reconstruy\u00f3 27 metros de colector de aguas servidas en Barquisimeto"},"content":{"rendered":"<div class=\"wp-block-image\">\n<figure class=\"aligncenter size-full\"><img loading=\"lazy\" decoding=\"async\" width=\"1040\" height=\"780\" src=\"https:\/\/minaguas.gob.ve\/wp-content\/uploads\/2024\/01\/WhatsApp-Image-2024-01-03-at-3.15.23-PM.jpg\" alt=\"\" class=\"wp-image-6963\" \/><\/figure>\n<\/div>\n\n\n<p><\/p>\n\n\n\n<p><strong>(Prensa MinAguas \/ Hidrolara 05-01-2023).-<\/strong> La Fuerza Trabajadora de Hidrolara realiz\u00f3 la reconstrucci\u00f3n de 27 metros de colector principal de aguas servidas en la carrera 25 entre calles 7 y 8, espec\u00edficamente en la parroquia Catedral del municipio Iribarren, para dichos trabajos se coloc\u00f3 tuber\u00eda de concreto de 33 pulgadas dando respuesta a m\u00e1s de mil 200 habitantes de esta jurisdicci\u00f3n.<\/p>\n\n\n\n<p>Por otra parte, en la misma zona se sustituyeron 60 metros de tuber\u00eda de 24 pulgadas para drenar las aguas pluviales y mejorar significativamente la recolecci\u00f3n de las mismas. Ambas actividades lograron la optimizaci\u00f3n de los servicios en esta localidad.<\/p>\n\n\n\n<p>Es importante mencionar que, gracias a la gesti\u00f3n del presidente de la Rep\u00fablica, Nicol\u00e1s Maduro; el ministro del Poder Popular para la Atenci\u00f3n de las Aguas, Rodolfo Marco Torres; el gobernador Adolfo Pereira y el m\u00e1ximo ente rector del agua en Lara Joel Tifor, se unen esfuerzos para garantizar los servicios p\u00fablicos a la poblaci\u00f3n.<\/p>\n","protected":false},"excerpt":{"rendered":"<p>(Prensa MinAguas \/ Hidrolara 05-01-2023).- La Fuerza Trabajadora de Hidrolara realiz\u00f3 la reconstrucci\u00f3n de 27 metros de colector principal de aguas servidas en la carrera 25 entre calles 7 y 8, espec\u00edficamente en la parroquia Catedral del municipio Iribarren, para dichos trabajos se coloc\u00f3 tuber\u00eda de concreto de 33 pulgadas dando respuesta a m\u00e1s de [&hellip;]<\/p>\n","protected":false},"author":28,"featured_media":6964,"comment_status":"open","ping_status":"open","sticky":false,"template":"","format":"standard","meta":{"footnotes":""},"categories":[1],"tags":[77,66,24,45],"class_list":["post-6962","post","type-post","status-publish","format-standard","has-post-thumbnail","hentry","category-noticias","tag-aguas-servidas","tag-hidrolara","tag-pueblo-trabajador-del-agua","tag-regionales"],"_links":{"self":[{"href":"https:\/\/minaguas.gob.ve\/index.php?rest_route=\/wp\/v2\/posts\/6962","targetHints":{"allow":["GET"]}}],"collection":[{"href":"https:\/\/minaguas.gob.ve\/index.php?rest_route=\/wp\/v2\/posts"}],"about":[{"href":"https:\/\/minaguas.gob.ve\/index.php?rest_route=\/wp\/v2\/types\/post"}],"author":[{"embeddable":true,"href":"https:\/\/minaguas.gob.ve\/index.php?rest_route=\/wp\/v2\/users\/28"}],"replies":[{"embeddable":true,"href":"https:\/\/minaguas.gob.ve\/index.php?rest_route=%2Fwp%2Fv2%2Fcomments&post=6962"}],"version-history":[{"count":0,"href":"https:\/\/minaguas.gob.ve\/index.php?rest_route=\/wp\/v2\/posts\/6962\/revisions"}],"wp:featuredmedia":[{"embeddable":true,"href":"https:\/\/minaguas.gob.ve\/index.php?rest_route=\/wp\/v2\/media\/6964"}],"wp:attachment":[{"href":"https:\/\/minaguas.gob.ve\/index.php?rest_route=%2Fwp%2Fv2%2Fmedia&parent=6962"}],"wp:term":[{"taxonomy":"category","embeddable":true,"href":"https:\/\/minaguas.gob.ve\/index.php?rest_route=%2Fwp%2Fv2%2Fcategories&post=6962"},{"taxonomy":"post_tag","embeddable":true,"href":"https:\/\/minaguas.gob.ve\/index.php?rest_route=%2Fwp%2Fv2%2Ftags&post=6962"}],"curies":[{"name":"wp","href":"https:\/\/api.w.org\/{rel}","templated":true}]}}