{"id":678,"date":"2021-06-26T19:08:00","date_gmt":"2021-06-26T23:08:00","guid":{"rendered":"https:\/\/minaguas.gob.ve\/?p=678"},"modified":"2021-08-24T19:13:07","modified_gmt":"2021-08-24T23:13:07","slug":"pueblo-trabajador-del-agua-recorrio-espacios-del-palacio-federal-legislativo","status":"publish","type":"post","link":"https:\/\/minaguas.gob.ve\/?p=678","title":{"rendered":"Pueblo Trabajador del Agua recorri\u00f3 espacios del Palacio Federal Legislativo"},"content":{"rendered":"\n<div class=\"wp-block-image\"><figure class=\"aligncenter size-large\"><img loading=\"lazy\" decoding=\"async\" width=\"1024\" height=\"472\" src=\"https:\/\/minaguas.gob.ve\/wp-content\/uploads\/2021\/08\/IMG-20210626-WA0042-1024x472.jpg\" alt=\"\" class=\"wp-image-679\" srcset=\"https:\/\/minaguas.gob.ve\/wp-content\/uploads\/2021\/08\/IMG-20210626-WA0042-1024x472.jpg 1024w, https:\/\/minaguas.gob.ve\/wp-content\/uploads\/2021\/08\/IMG-20210626-WA0042-300x138.jpg 300w, https:\/\/minaguas.gob.ve\/wp-content\/uploads\/2021\/08\/IMG-20210626-WA0042-768x354.jpg 768w, https:\/\/minaguas.gob.ve\/wp-content\/uploads\/2021\/08\/IMG-20210626-WA0042.jpg 1080w\" sizes=\"auto, (max-width: 1024px) 100vw, 1024px\" \/><\/figure><\/div>\n\n\n\n<p><em><strong>Esta actividad se enmarca en las celebraciones que se desarrollan en el pa\u00eds a prop\u00f3sito del aniversario 200 de la Batalla de Carabobo, gesta que marca la independencia nacional<\/strong><\/em><\/p>\n\n\n\n<p><strong>Prensa MinAguas (26-06-2021)<\/strong> Trabajadoras y trabajadores del Ministerio del Poder Popular de Atenci\u00f3n de las Aguas realizaron una visita guiada a los espacios hist\u00f3ricos del Palacio Federal Legislativo, sede de la Asamblea Nacional, como parte de las actividades que se ejecutan en el Parlamento venezolano en el marco de la celebraci\u00f3n del Bicentenario de la Batalla de Carabobo.\u00a0<\/p>\n\n\n\n<p>Durante el recorrido, visitaron el Hemiciclo Protocolar, espacio donde se debaten y aprueban los instrumentos legales que rigen el ordenamiento jur\u00eddico del pa\u00eds, de la mano de los diputados y diputadas electos el pasado 6 de diciembre de 2020.<\/p>\n\n\n\n<p>Asimismo, tuvieron la oportunidad de apreciar el Sal\u00f3n Tr\u00edptico donde reposan los ejemplares de las constituciones que ha tenido Venezuela desde 1.810 hasta 1.999, y el Sal\u00f3n El\u00edptico o Sal\u00f3n de la Nacionalidad venezolana, donde se encuentra el Acta de la Independencia, documento fundacional de nuestra naci\u00f3n.\u00a0<\/p>\n\n\n\n<p>En este espacio tambi\u00e9n reposa el \u00f3leo alusivo a la Batalla de Carabobo, del pintor Mart\u00edn Tovar y Tovar, plasmado en la c\u00fapula del sal\u00f3n y en otros cuadros que reflejan las batallas que marcaron el camino hacia la libertad de Venezuela.<br>Las trabajadoras y trabajadores de Minaguas disfrutaron la proyecci\u00f3n de los fragmentos de la miniserie \u00abCarabobo: Caminos de Libertad\u00bb, dirigida por el historiador y cineasta venezolano Luis Alberto Lamata, material audiovisual que narra la gesta independentista.<\/p>\n\n\n\n<figure class=\"wp-block-gallery columns-2 is-cropped wp-block-gallery-1 is-layout-flex wp-block-gallery-is-layout-flex\"><ul class=\"blocks-gallery-grid\"><li class=\"blocks-gallery-item\"><figure><img loading=\"lazy\" decoding=\"async\" width=\"1024\" height=\"472\" src=\"https:\/\/minaguas.gob.ve\/wp-content\/uploads\/2021\/08\/IMG-20210626-WA0036-1024x472.jpg\" alt=\"\" data-id=\"680\" data-full-url=\"https:\/\/minaguas.gob.ve\/wp-content\/uploads\/2021\/08\/IMG-20210626-WA0036.jpg\" data-link=\"https:\/\/minaguas.gob.ve\/?attachment_id=680\" class=\"wp-image-680\" srcset=\"https:\/\/minaguas.gob.ve\/wp-content\/uploads\/2021\/08\/IMG-20210626-WA0036-1024x472.jpg 1024w, https:\/\/minaguas.gob.ve\/wp-content\/uploads\/2021\/08\/IMG-20210626-WA0036-300x138.jpg 300w, https:\/\/minaguas.gob.ve\/wp-content\/uploads\/2021\/08\/IMG-20210626-WA0036-768x354.jpg 768w, https:\/\/minaguas.gob.ve\/wp-content\/uploads\/2021\/08\/IMG-20210626-WA0036.jpg 1080w\" sizes=\"auto, (max-width: 1024px) 100vw, 1024px\" \/><\/figure><\/li><li class=\"blocks-gallery-item\"><figure><img loading=\"lazy\" decoding=\"async\" width=\"1024\" height=\"471\" src=\"https:\/\/minaguas.gob.ve\/wp-content\/uploads\/2021\/08\/IMG-20210626-WA0025-1024x471.jpg\" alt=\"\" data-id=\"681\" data-full-url=\"https:\/\/minaguas.gob.ve\/wp-content\/uploads\/2021\/08\/IMG-20210626-WA0025.jpg\" data-link=\"https:\/\/minaguas.gob.ve\/?attachment_id=681\" class=\"wp-image-681\" srcset=\"https:\/\/minaguas.gob.ve\/wp-content\/uploads\/2021\/08\/IMG-20210626-WA0025-1024x471.jpg 1024w, https:\/\/minaguas.gob.ve\/wp-content\/uploads\/2021\/08\/IMG-20210626-WA0025-300x138.jpg 300w, https:\/\/minaguas.gob.ve\/wp-content\/uploads\/2021\/08\/IMG-20210626-WA0025-768x353.jpg 768w, https:\/\/minaguas.gob.ve\/wp-content\/uploads\/2021\/08\/IMG-20210626-WA0025.jpg 1080w\" sizes=\"auto, (max-width: 1024px) 100vw, 1024px\" \/><\/figure><\/li><\/ul><\/figure>\n","protected":false},"excerpt":{"rendered":"<p>Esta actividad se enmarca en las celebraciones que se desarrollan en el pa\u00eds a prop\u00f3sito del aniversario 200 de la Batalla de Carabobo, gesta que marca la independencia nacional Prensa MinAguas (26-06-2021) Trabajadoras y trabajadores del Ministerio del Poder Popular de Atenci\u00f3n de las Aguas realizaron una visita guiada a los espacios hist\u00f3ricos del Palacio [&hellip;]<\/p>\n","protected":false},"author":28,"featured_media":679,"comment_status":"open","ping_status":"open","sticky":false,"template":"","format":"standard","meta":{"footnotes":""},"categories":[1],"tags":[24],"class_list":["post-678","post","type-post","status-publish","format-standard","has-post-thumbnail","hentry","category-noticias","tag-pueblo-trabajador-del-agua"],"_links":{"self":[{"href":"https:\/\/minaguas.gob.ve\/index.php?rest_route=\/wp\/v2\/posts\/678","targetHints":{"allow":["GET"]}}],"collection":[{"href":"https:\/\/minaguas.gob.ve\/index.php?rest_route=\/wp\/v2\/posts"}],"about":[{"href":"https:\/\/minaguas.gob.ve\/index.php?rest_route=\/wp\/v2\/types\/post"}],"author":[{"embeddable":true,"href":"https:\/\/minaguas.gob.ve\/index.php?rest_route=\/wp\/v2\/users\/28"}],"replies":[{"embeddable":true,"href":"https:\/\/minaguas.gob.ve\/index.php?rest_route=%2Fwp%2Fv2%2Fcomments&post=678"}],"version-history":[{"count":0,"href":"https:\/\/minaguas.gob.ve\/index.php?rest_route=\/wp\/v2\/posts\/678\/revisions"}],"wp:featuredmedia":[{"embeddable":true,"href":"https:\/\/minaguas.gob.ve\/index.php?rest_route=\/wp\/v2\/media\/679"}],"wp:attachment":[{"href":"https:\/\/minaguas.gob.ve\/index.php?rest_route=%2Fwp%2Fv2%2Fmedia&parent=678"}],"wp:term":[{"taxonomy":"category","embeddable":true,"href":"https:\/\/minaguas.gob.ve\/index.php?rest_route=%2Fwp%2Fv2%2Fcategories&post=678"},{"taxonomy":"post_tag","embeddable":true,"href":"https:\/\/minaguas.gob.ve\/index.php?rest_route=%2Fwp%2Fv2%2Ftags&post=678"}],"curies":[{"name":"wp","href":"https:\/\/api.w.org\/{rel}","templated":true}]}}