{"id":6667,"date":"2023-12-05T17:19:21","date_gmt":"2023-12-05T21:19:21","guid":{"rendered":"https:\/\/minaguas.gob.ve\/?p=6667"},"modified":"2023-12-05T17:19:21","modified_gmt":"2023-12-05T21:19:21","slug":"hidrocaribe-sustituyo-55-metros-de-colector-en-la-urbanizacion-pedro-luis-briceno-de-nueva-esparta","status":"publish","type":"post","link":"https:\/\/minaguas.gob.ve\/?p=6667","title":{"rendered":"Hidrocaribe sustituy\u00f3 55 metros de colector en la urbanizaci\u00f3n Pedro Luis Brice\u00f1o de Nueva Esparta"},"content":{"rendered":"<p><strong>(Prensa MinAguas \/ Hidrocaribe 05-12-2023).-<\/strong><b> <\/b>El ministerio del Poder Popular de Atenci\u00f3n de las Aguas, a trav\u00e9s de la Hidrol\u00f3gica del Caribe, en sinergia con la alcald\u00eda del municipio Garc\u00eda, realizaron la sustituci\u00f3n de 55 metros lineales de tuber\u00eda de 16 pulgadas en la calle principal del sector 1 de Pedro Luis Brice\u00f1o en el estado Nueva Esparta con el prop\u00f3sito de mejorar la fluidez de las aguas.<\/p>\n<p><!-- \/wp:post-content --><!-- wp:paragraph --><\/p>\n<p>El presidente de Hidrocaribe, Lucas Sapiain, se\u00f1al\u00f3 que las labores se ejecutaron dando respuesta inmediata a un reporte de la VenApp, herramienta impulsada por el presidente Nicol\u00e1s Maduro para fortalecer al Poder Popular a trav\u00e9s del 1&#215;10 del Buen Gobierno.<\/p>\n<p><!-- \/wp:paragraph --><!-- wp:paragraph --><\/p>\n<p>Asimismo, detall\u00f3 que los trabajos realizados comprendieron el reemplazo de tuber\u00eda de concreto de 10 pulgadas por una de 16 pulgadas, \u00ablo que permite mejorar la fluidez de las aguas servidas, favoreciendo a una poblaci\u00f3n de 854 familias\u00bb, indic\u00f3 el titular de la hidrol\u00f3gica regional.<\/p>\n<p><!-- \/wp:paragraph --><!-- wp:paragraph --><\/p>\n<p>Por su parte, Alina Romero, jefa de la UBCH Pedro Luis Brice\u00f1o, agradeci\u00f3 al gobierno nacional y a MinAguas, por la respuesta y soluci\u00f3n inmediata a trav\u00e9s de la l\u00ednea 58 de esta herramienta tecnol\u00f3gica que permite mejorar eficientemente el servicio h\u00eddrico.<\/p>\n<p><!-- \/wp:paragraph --><\/p>\n\n<!-- wp:gallery {\"linkTo\":\"none\"} -->\n<figure class=\"wp-block-gallery has-nested-images columns-default is-cropped\"><!-- wp:image {\"id\":6673,\"sizeSlug\":\"large\",\"linkDestination\":\"none\"} -->\n<figure class=\"wp-block-image size-large\"><img loading=\"lazy\" decoding=\"async\" width=\"1020\" height=\"768\" src=\"https:\/\/minaguas.gob.ve\/wp-content\/uploads\/2023\/12\/Colector-1-2.jpeg\" alt=\"\" class=\"wp-image-6673\" \/><\/figure>\n<!-- \/wp:image -->\n\n<!-- wp:image {\"id\":6674,\"sizeSlug\":\"large\",\"linkDestination\":\"none\"} -->\n<figure class=\"wp-block-image size-large\"><img loading=\"lazy\" decoding=\"async\" width=\"1020\" height=\"768\" src=\"https:\/\/minaguas.gob.ve\/wp-content\/uploads\/2023\/12\/Colector-4-1.jpeg\" alt=\"\" class=\"wp-image-6674\" \/><\/figure>\n<!-- \/wp:image --><\/figure>\n<!-- \/wp:gallery -->","protected":false},"excerpt":{"rendered":"<p>(Prensa MinAguas \/ Hidrocaribe 05-12-2023).- El ministerio del Poder Popular de Atenci\u00f3n de las Aguas, a trav\u00e9s de la Hidrol\u00f3gica del Caribe, en sinergia con la alcald\u00eda del municipio Garc\u00eda, realizaron la sustituci\u00f3n de 55 metros lineales de tuber\u00eda de 16 pulgadas en la calle principal del sector 1 de Pedro Luis Brice\u00f1o en el [&hellip;]<\/p>\n","protected":false},"author":28,"featured_media":6669,"comment_status":"open","ping_status":"open","sticky":false,"template":"","format":"standard","meta":{"footnotes":""},"categories":[1],"tags":[42,60,24,45],"class_list":["post-6667","post","type-post","status-publish","format-standard","has-post-thumbnail","hentry","category-noticias","tag-agua-potable","tag-hidrocaribe","tag-pueblo-trabajador-del-agua","tag-regionales"],"_links":{"self":[{"href":"https:\/\/minaguas.gob.ve\/index.php?rest_route=\/wp\/v2\/posts\/6667","targetHints":{"allow":["GET"]}}],"collection":[{"href":"https:\/\/minaguas.gob.ve\/index.php?rest_route=\/wp\/v2\/posts"}],"about":[{"href":"https:\/\/minaguas.gob.ve\/index.php?rest_route=\/wp\/v2\/types\/post"}],"author":[{"embeddable":true,"href":"https:\/\/minaguas.gob.ve\/index.php?rest_route=\/wp\/v2\/users\/28"}],"replies":[{"embeddable":true,"href":"https:\/\/minaguas.gob.ve\/index.php?rest_route=%2Fwp%2Fv2%2Fcomments&post=6667"}],"version-history":[{"count":0,"href":"https:\/\/minaguas.gob.ve\/index.php?rest_route=\/wp\/v2\/posts\/6667\/revisions"}],"wp:featuredmedia":[{"embeddable":true,"href":"https:\/\/minaguas.gob.ve\/index.php?rest_route=\/wp\/v2\/media\/6669"}],"wp:attachment":[{"href":"https:\/\/minaguas.gob.ve\/index.php?rest_route=%2Fwp%2Fv2%2Fmedia&parent=6667"}],"wp:term":[{"taxonomy":"category","embeddable":true,"href":"https:\/\/minaguas.gob.ve\/index.php?rest_route=%2Fwp%2Fv2%2Fcategories&post=6667"},{"taxonomy":"post_tag","embeddable":true,"href":"https:\/\/minaguas.gob.ve\/index.php?rest_route=%2Fwp%2Fv2%2Ftags&post=6667"}],"curies":[{"name":"wp","href":"https:\/\/api.w.org\/{rel}","templated":true}]}}