{"id":6643,"date":"2023-12-01T15:08:51","date_gmt":"2023-12-01T19:08:51","guid":{"rendered":"https:\/\/minaguas.gob.ve\/?p=6643"},"modified":"2023-12-01T15:08:51","modified_gmt":"2023-12-01T19:08:51","slug":"hidrollanos-sustituyo-colector-de-aguas-servidas-en-comunidad-serafin-cedeno-del-estado-apure","status":"publish","type":"post","link":"https:\/\/minaguas.gob.ve\/?p=6643","title":{"rendered":"Hidrollanos sustituy\u00f3 colector de aguas servidas en comunidad Seraf\u00edn Cede\u00f1o del estado Apure"},"content":{"rendered":"\n<p class=\"has-text-align-left\"><em>Los habitantes de la comunidad agradecieron la gesti\u00f3n y exhortaron a utilizar la VenApp del 1&#215;10 del Buen Gobierno<\/em><\/p>\n\n\n\n<p class=\"has-text-align-left\"><strong>(Prensa MinAguas \/ Hidrollanos 01-12-2023).-<\/strong> La fuerza trabajadora de Hidrollanos, en trabajo conjunto con la alcald\u00eda de San Fernando y el Poder Popular, realizaron labores de sustituci\u00f3n de doce metros de tramo de colector de aguas servidas en tuber\u00eda PVC de diez pulgadas en la vereda 14 de la urbanizaci\u00f3n Seraf\u00edn Cede\u00f1o del estado Apure.<\/p>\n\n\n\n<p class=\"has-text-align-left\">Las acciones se llevaron a cabo en respuesta inmediata al reporte recibido a trav\u00e9s del sistema del 1&#215;10 del Buen Gobierno, siguiendo los lineamientos del presidente de la Rep\u00fablica, Nicol\u00e1s Maduro y del ministro del Poder Popular de Atenci\u00f3n de las Aguas, G\/D Rodolfo Marco Torres.<\/p>\n\n\n<div class=\"wp-block-image\">\n<figure class=\"aligncenter size-full\"><img loading=\"lazy\" decoding=\"async\" width=\"1080\" height=\"774\" src=\"https:\/\/minaguas.gob.ve\/wp-content\/uploads\/2023\/12\/1701436632942.jpg\" alt=\"\" class=\"wp-image-6645\" \/><\/figure>\n<\/div>\n\n\n<p class=\"has-text-align-left\">Al respecto, Lisneida Lantz, jefa de la Unidad de Batalla Bol\u00edvar-Ch\u00e1vez (UBCH) Seraf\u00edn Cede\u00f1o coment\u00f3 que \u00abgracias a Dios, a nuestro presidente Nicol\u00e1s Maduro, a la creaci\u00f3n de aplicaci\u00f3n VenApp y al 1&#215;10 del Buen Gobierno, estamos beneficiando a 30 familias con la correcci\u00f3n de un colector de aguas servidas que se encontraba ca\u00eddo\u201d.<\/p>\n\n\n\n<p class=\"has-text-align-left\">Finalmente, Lantz invit\u00f3 a la poblaci\u00f3n a utilizar esta herramienta tecnol\u00f3gica que permite la atenci\u00f3n oportuna y segura a las necesidades de los venezolanos y venezolanas.<\/p>\n\n\n<div class=\"wp-block-image\">\n<figure class=\"aligncenter size-full\"><img loading=\"lazy\" decoding=\"async\" width=\"1080\" height=\"794\" src=\"https:\/\/minaguas.gob.ve\/wp-content\/uploads\/2023\/12\/1701436512533.jpg\" alt=\"\" class=\"wp-image-6646\" \/><\/figure>\n<\/div>","protected":false},"excerpt":{"rendered":"<p>Los habitantes de la comunidad agradecieron la gesti\u00f3n y exhortaron a utilizar la VenApp del 1&#215;10 del Buen Gobierno (Prensa MinAguas \/ Hidrollanos 01-12-2023).- La fuerza trabajadora de Hidrollanos, en trabajo conjunto con la alcald\u00eda de San Fernando y el Poder Popular, realizaron labores de sustituci\u00f3n de doce metros de tramo de colector de aguas [&hellip;]<\/p>\n","protected":false},"author":28,"featured_media":6644,"comment_status":"open","ping_status":"open","sticky":false,"template":"","format":"standard","meta":{"footnotes":""},"categories":[1],"tags":[103,77,61,24,45],"class_list":["post-6643","post","type-post","status-publish","format-standard","has-post-thumbnail","hentry","category-noticias","tag-1x10","tag-aguas-servidas","tag-hidrollanos","tag-pueblo-trabajador-del-agua","tag-regionales"],"_links":{"self":[{"href":"https:\/\/minaguas.gob.ve\/index.php?rest_route=\/wp\/v2\/posts\/6643","targetHints":{"allow":["GET"]}}],"collection":[{"href":"https:\/\/minaguas.gob.ve\/index.php?rest_route=\/wp\/v2\/posts"}],"about":[{"href":"https:\/\/minaguas.gob.ve\/index.php?rest_route=\/wp\/v2\/types\/post"}],"author":[{"embeddable":true,"href":"https:\/\/minaguas.gob.ve\/index.php?rest_route=\/wp\/v2\/users\/28"}],"replies":[{"embeddable":true,"href":"https:\/\/minaguas.gob.ve\/index.php?rest_route=%2Fwp%2Fv2%2Fcomments&post=6643"}],"version-history":[{"count":0,"href":"https:\/\/minaguas.gob.ve\/index.php?rest_route=\/wp\/v2\/posts\/6643\/revisions"}],"wp:featuredmedia":[{"embeddable":true,"href":"https:\/\/minaguas.gob.ve\/index.php?rest_route=\/wp\/v2\/media\/6644"}],"wp:attachment":[{"href":"https:\/\/minaguas.gob.ve\/index.php?rest_route=%2Fwp%2Fv2%2Fmedia&parent=6643"}],"wp:term":[{"taxonomy":"category","embeddable":true,"href":"https:\/\/minaguas.gob.ve\/index.php?rest_route=%2Fwp%2Fv2%2Fcategories&post=6643"},{"taxonomy":"post_tag","embeddable":true,"href":"https:\/\/minaguas.gob.ve\/index.php?rest_route=%2Fwp%2Fv2%2Ftags&post=6643"}],"curies":[{"name":"wp","href":"https:\/\/api.w.org\/{rel}","templated":true}]}}