{"id":657,"date":"2021-06-18T18:30:00","date_gmt":"2021-06-18T22:30:00","guid":{"rendered":"https:\/\/minaguas.gob.ve\/?p=657"},"modified":"2021-08-24T18:33:44","modified_gmt":"2021-08-24T22:33:44","slug":"ministra-vasquez-inspecciono-plantas-potabilizadoras-en-zulia","status":"publish","type":"post","link":"https:\/\/minaguas.gob.ve\/?p=657","title":{"rendered":"Ministra V\u00e1squez inspeccion\u00f3 plantas potabilizadoras en Zulia"},"content":{"rendered":"\n<div class=\"wp-block-image\"><figure class=\"aligncenter size-large\"><img loading=\"lazy\" decoding=\"async\" width=\"1024\" height=\"683\" src=\"https:\/\/minaguas.gob.ve\/wp-content\/uploads\/2021\/08\/IMG-20210618-WA0035-1024x683.jpg\" alt=\"\" class=\"wp-image-658\" srcset=\"https:\/\/minaguas.gob.ve\/wp-content\/uploads\/2021\/08\/IMG-20210618-WA0035-1024x683.jpg 1024w, https:\/\/minaguas.gob.ve\/wp-content\/uploads\/2021\/08\/IMG-20210618-WA0035-300x200.jpg 300w, https:\/\/minaguas.gob.ve\/wp-content\/uploads\/2021\/08\/IMG-20210618-WA0035-768x512.jpg 768w, https:\/\/minaguas.gob.ve\/wp-content\/uploads\/2021\/08\/IMG-20210618-WA0035.jpg 1080w\" sizes=\"auto, (max-width: 1024px) 100vw, 1024px\" \/><\/figure><\/div>\n\n\n\n<p><br><em><strong>Dichas instalaciones son vitales para garantizar la distribuci\u00f3n de agua potable a las familias de la Regi\u00f3n Zuliana.<br><\/strong><\/em><br><strong>Prensa MinAguas (18-06-2021)<\/strong> La ministra del Poder Popular para la Atenci\u00f3n de las Aguas, Evelyn V\u00e1squez, inspeccion\u00f3 este jueves 17 de junio la Planta Potabilizadora Wuinpala, localizada en el sector Cerro E\u00b4cochino de la parroquia La Sierrita, en el municipio Mara del estado Zulia.<br><br>En compa\u00f1\u00eda del gobernador Omar Prieto; el alcalde de Mara, Luis Caldera, y el presidente de Hidrolago, Jorge Silva, la titular de la cartera de Aguas revis\u00f3 las labores que se ejecutan actualmente para el mantenimiento de la infraestructura, las cuales incluyen: Reemplazo de 10 v\u00e1lvulas en la galer\u00eda de filtros, sustituci\u00f3n de sistemas de cloraci\u00f3n y dosificaci\u00f3n de sulfato, reparaci\u00f3n de tuber\u00edas ranuradas correspondientes a los sedimentadores, acondicionamiento de las instalaciones civiles, instalaci\u00f3n de aires acondicionados y equipamiento de l\u00ednea blanca y dom\u00e9stica en espacios internos y la rehabilitaci\u00f3n del sistema el\u00e9ctrico.<br><br>Dichas obras dentro de la planta, construida tras un convenio entre el Gobierno Bolivariano y el Fondo de las Naciones Unidas para la Infancia (Unicef, por sus siglas en ingl\u00e9s), permitir\u00e1n optimizar la frecuencia del servicio h\u00eddrico a trav\u00e9s de tuber\u00edas a 1.600.000 habitantes del municipio Mara y del noroeste de la capital zuliana.<\/p>\n\n\n\n<p>V\u00e1squez tambi\u00e9n realiz\u00f3 un recorrido por la Planta Potabilizadora Alonso de Ojeda, tambi\u00e9n conocida como Planta C, ubicada en la parroquia San Isidro del municipio Maracaibo.<br><br>Durante su inspecci\u00f3n, junto al gobernador Prieto y al alcalde de Maracaibo, Willy Casanova, la titular de la cartera de Aguas particip\u00f3 en la puesta en funcionamiento del sedimentador N\u00b03 de esta importante infraestructura, por medio del cual se optimizar\u00e1 la distribuci\u00f3n de agua potable a las familias zulianas.<\/p>\n\n\n\n<figure class=\"wp-block-gallery columns-3 is-cropped wp-block-gallery-1 is-layout-flex wp-block-gallery-is-layout-flex\"><ul class=\"blocks-gallery-grid\"><li class=\"blocks-gallery-item\"><figure><img loading=\"lazy\" decoding=\"async\" width=\"1024\" height=\"683\" src=\"https:\/\/minaguas.gob.ve\/wp-content\/uploads\/2021\/08\/IMG-20210618-WA0037-1024x683.jpg\" alt=\"\" data-id=\"659\" data-full-url=\"https:\/\/minaguas.gob.ve\/wp-content\/uploads\/2021\/08\/IMG-20210618-WA0037.jpg\" data-link=\"https:\/\/minaguas.gob.ve\/?attachment_id=659\" class=\"wp-image-659\" srcset=\"https:\/\/minaguas.gob.ve\/wp-content\/uploads\/2021\/08\/IMG-20210618-WA0037-1024x683.jpg 1024w, https:\/\/minaguas.gob.ve\/wp-content\/uploads\/2021\/08\/IMG-20210618-WA0037-300x200.jpg 300w, https:\/\/minaguas.gob.ve\/wp-content\/uploads\/2021\/08\/IMG-20210618-WA0037-768x512.jpg 768w, https:\/\/minaguas.gob.ve\/wp-content\/uploads\/2021\/08\/IMG-20210618-WA0037.jpg 1080w\" sizes=\"auto, (max-width: 1024px) 100vw, 1024px\" \/><\/figure><\/li><li class=\"blocks-gallery-item\"><figure><img loading=\"lazy\" decoding=\"async\" width=\"1024\" height=\"683\" src=\"https:\/\/minaguas.gob.ve\/wp-content\/uploads\/2021\/08\/IMG-20210618-WA0036-1024x683.jpg\" alt=\"\" data-id=\"660\" data-full-url=\"https:\/\/minaguas.gob.ve\/wp-content\/uploads\/2021\/08\/IMG-20210618-WA0036.jpg\" data-link=\"https:\/\/minaguas.gob.ve\/?attachment_id=660\" class=\"wp-image-660\" srcset=\"https:\/\/minaguas.gob.ve\/wp-content\/uploads\/2021\/08\/IMG-20210618-WA0036-1024x683.jpg 1024w, https:\/\/minaguas.gob.ve\/wp-content\/uploads\/2021\/08\/IMG-20210618-WA0036-300x200.jpg 300w, https:\/\/minaguas.gob.ve\/wp-content\/uploads\/2021\/08\/IMG-20210618-WA0036-768x512.jpg 768w, https:\/\/minaguas.gob.ve\/wp-content\/uploads\/2021\/08\/IMG-20210618-WA0036.jpg 1080w\" sizes=\"auto, (max-width: 1024px) 100vw, 1024px\" \/><\/figure><\/li><li class=\"blocks-gallery-item\"><figure><img loading=\"lazy\" decoding=\"async\" width=\"1024\" height=\"683\" src=\"https:\/\/minaguas.gob.ve\/wp-content\/uploads\/2021\/08\/IMG-20210618-WA0039-1024x683.jpg\" alt=\"\" data-id=\"661\" data-full-url=\"https:\/\/minaguas.gob.ve\/wp-content\/uploads\/2021\/08\/IMG-20210618-WA0039.jpg\" data-link=\"https:\/\/minaguas.gob.ve\/?attachment_id=661\" class=\"wp-image-661\" srcset=\"https:\/\/minaguas.gob.ve\/wp-content\/uploads\/2021\/08\/IMG-20210618-WA0039-1024x683.jpg 1024w, https:\/\/minaguas.gob.ve\/wp-content\/uploads\/2021\/08\/IMG-20210618-WA0039-300x200.jpg 300w, https:\/\/minaguas.gob.ve\/wp-content\/uploads\/2021\/08\/IMG-20210618-WA0039-768x512.jpg 768w, https:\/\/minaguas.gob.ve\/wp-content\/uploads\/2021\/08\/IMG-20210618-WA0039.jpg 1080w\" sizes=\"auto, (max-width: 1024px) 100vw, 1024px\" \/><\/figure><\/li><\/ul><\/figure>\n","protected":false},"excerpt":{"rendered":"<p>Dichas instalaciones son vitales para garantizar la distribuci\u00f3n de agua potable a las familias de la Regi\u00f3n Zuliana.Prensa MinAguas (18-06-2021) La ministra del Poder Popular para la Atenci\u00f3n de las Aguas, Evelyn V\u00e1squez, inspeccion\u00f3 este jueves 17 de junio la Planta Potabilizadora Wuinpala, localizada en el sector Cerro E\u00b4cochino de la parroquia La Sierrita, en [&hellip;]<\/p>\n","protected":false},"author":28,"featured_media":658,"comment_status":"open","ping_status":"open","sticky":false,"template":"","format":"standard","meta":{"footnotes":""},"categories":[1],"tags":[8],"class_list":["post-657","post","type-post","status-publish","format-standard","has-post-thumbnail","hentry","category-noticias","tag-nacionales"],"_links":{"self":[{"href":"https:\/\/minaguas.gob.ve\/index.php?rest_route=\/wp\/v2\/posts\/657","targetHints":{"allow":["GET"]}}],"collection":[{"href":"https:\/\/minaguas.gob.ve\/index.php?rest_route=\/wp\/v2\/posts"}],"about":[{"href":"https:\/\/minaguas.gob.ve\/index.php?rest_route=\/wp\/v2\/types\/post"}],"author":[{"embeddable":true,"href":"https:\/\/minaguas.gob.ve\/index.php?rest_route=\/wp\/v2\/users\/28"}],"replies":[{"embeddable":true,"href":"https:\/\/minaguas.gob.ve\/index.php?rest_route=%2Fwp%2Fv2%2Fcomments&post=657"}],"version-history":[{"count":0,"href":"https:\/\/minaguas.gob.ve\/index.php?rest_route=\/wp\/v2\/posts\/657\/revisions"}],"wp:featuredmedia":[{"embeddable":true,"href":"https:\/\/minaguas.gob.ve\/index.php?rest_route=\/wp\/v2\/media\/658"}],"wp:attachment":[{"href":"https:\/\/minaguas.gob.ve\/index.php?rest_route=%2Fwp%2Fv2%2Fmedia&parent=657"}],"wp:term":[{"taxonomy":"category","embeddable":true,"href":"https:\/\/minaguas.gob.ve\/index.php?rest_route=%2Fwp%2Fv2%2Fcategories&post=657"},{"taxonomy":"post_tag","embeddable":true,"href":"https:\/\/minaguas.gob.ve\/index.php?rest_route=%2Fwp%2Fv2%2Ftags&post=657"}],"curies":[{"name":"wp","href":"https:\/\/api.w.org\/{rel}","templated":true}]}}