{"id":651,"date":"2021-06-18T18:24:00","date_gmt":"2021-06-18T22:24:00","guid":{"rendered":"https:\/\/minaguas.gob.ve\/?p=651"},"modified":"2021-08-24T18:29:04","modified_gmt":"2021-08-24T22:29:04","slug":"ministra-evelyn-vasquez-exalta-labor-del-pueblo-trabajador-del-agua","status":"publish","type":"post","link":"https:\/\/minaguas.gob.ve\/?p=651","title":{"rendered":"Ministra Evelyn V\u00e1squez exalta labor del Pueblo Trabajador del Agua"},"content":{"rendered":"\n<div class=\"wp-block-image\"><figure class=\"aligncenter size-large\"><img loading=\"lazy\" decoding=\"async\" width=\"1024\" height=\"683\" src=\"https:\/\/minaguas.gob.ve\/wp-content\/uploads\/2021\/08\/IMG-20210618-WA0055-1-1024x683.jpg\" alt=\"\" class=\"wp-image-652\" srcset=\"https:\/\/minaguas.gob.ve\/wp-content\/uploads\/2021\/08\/IMG-20210618-WA0055-1-1024x683.jpg 1024w, https:\/\/minaguas.gob.ve\/wp-content\/uploads\/2021\/08\/IMG-20210618-WA0055-1-300x200.jpg 300w, https:\/\/minaguas.gob.ve\/wp-content\/uploads\/2021\/08\/IMG-20210618-WA0055-1-768x512.jpg 768w, https:\/\/minaguas.gob.ve\/wp-content\/uploads\/2021\/08\/IMG-20210618-WA0055-1.jpg 1080w\" sizes=\"auto, (max-width: 1024px) 100vw, 1024px\" \/><\/figure><\/div>\n\n\n\n<p><em><strong>La m\u00e1xima autoridad del Agua resalt\u00f3 la labor que desarrollan quienes est\u00e1n al frente del ministerio, transformando dificultades en mecanismos de gesti\u00f3n para el sector h\u00eddrico, a trav\u00e9s de la transferencia de servicio al Poder Popular<\/strong><\/em><\/p>\n\n\n\n<p><strong>Prensa MinAguas (18-06-2021)<\/strong>A prop\u00f3sito conmemorarse el tercer aniversario del Ministerio del Poder Popular de Atenci\u00f3n de las Aguas, la titular de esta cartera, Evelyn V\u00e1squez, rindi\u00f3 un merecido homenaje a las trabajadoras y trabajadores que durante estos tres a\u00f1os han puesto su mayor esfuerzo por garantizar un servicio de calidad al Pueblo venezolano.<\/p>\n\n\n\n<p>\u201cFelicito a las trabajadoras y a los trabajadores, quiero hacerles un reconocimiento por este tercer aniversario del Ministerio del Agua, un 14 de junio es realmente la fecha donde arranca todo. Nuestro presidente Nicol\u00e1s Maduro Moros, con esa estrategia y esa visi\u00f3n que nos pide todos los d\u00edas de lograr un servicio de calidad, lograr un servicio digno, lograr un bienestar social para los venezolanos y las venezolanas, toma esa decisi\u00f3n y la implementa, una decisi\u00f3n estrat\u00e9gica, una decisi\u00f3n innovadora\u201d, resalt\u00f3 V\u00e1squez.<\/p>\n\n\n\n<p>La ministra asegur\u00f3 que a escala internacional Venezuela se convirti\u00f3 en el primer pa\u00eds en Am\u00e9rica Latina y el Caribe que tiene un ente ministerial solo dedicado al agua.\u00a0<\/p>\n\n\n\n<p>\u201cEso habla de la firmeza, de lo estrat\u00e9gico e importante que es para el Gobierno Bolivariano el tema de lograr que ese vital liquido para la vida llegue a cada hogar\u201d, a\u00f1adi\u00f3.<\/p>\n\n\n\n<div class=\"wp-block-image\"><figure class=\"aligncenter size-large\"><img loading=\"lazy\" decoding=\"async\" width=\"1024\" height=\"683\" src=\"https:\/\/minaguas.gob.ve\/wp-content\/uploads\/2021\/08\/IMG-20210618-WA0052-1024x683.jpg\" alt=\"\" class=\"wp-image-653\" srcset=\"https:\/\/minaguas.gob.ve\/wp-content\/uploads\/2021\/08\/IMG-20210618-WA0052-1024x683.jpg 1024w, https:\/\/minaguas.gob.ve\/wp-content\/uploads\/2021\/08\/IMG-20210618-WA0052-300x200.jpg 300w, https:\/\/minaguas.gob.ve\/wp-content\/uploads\/2021\/08\/IMG-20210618-WA0052-768x512.jpg 768w, https:\/\/minaguas.gob.ve\/wp-content\/uploads\/2021\/08\/IMG-20210618-WA0052.jpg 1080w\" sizes=\"auto, (max-width: 1024px) 100vw, 1024px\" \/><\/figure><\/div>\n\n\n\n<p>Asimismo, manifest\u00f3 sentirse muy agradecida por el esfuerzo que ha demostrado el Pueblo Trabajador del Agua, que, con amor, durante estos tres a\u00f1os, construyeron desde cero este Ministerio, por instrucciones del presidente de la Rep\u00fablica, Nicol\u00e1s Maduro.<\/p>\n\n\n\n<p>\u201cRecuerdo sus palabras como si fuese ayer, la primera cosa que me dijo era reimpulsar el Gobierno Popular de las Aguas, reimpulsar las Mesas T\u00e9cnicas de Agua y lograr que cada gota llegue a cada hogar venezolano\u201d, enfatiz\u00f3 V\u00e1squez.<\/p>\n\n\n\n<p>Asever\u00f3 que la guerra econ\u00f3mica ha causado muchos estragos, sin embargo, las dificultades han permitido transformar el m\u00e9todo de gesti\u00f3n para el sector h\u00eddrico, a trav\u00e9s de la transferencia de servicio al Poder Popular.<br>Cit\u00f3 como ejemplo de organizaci\u00f3n y de trabajo del Pueblo, la inauguraci\u00f3n del Acueducto Rural Comunitario Sol Tamaral en el estado Zulia, que se llev\u00f3 a cabo este 17 de junio.<\/p>\n\n\n\n<p>\u201cUnas de las tareas a la que fui al municipio Mara, muy cerquita de La Guajira, fue a inaugurar un acueducto rural comunitario ind\u00edgena con los Way\u00fau, una comunidad 158 familias\u201d, precis\u00f3 V\u00e1squez, quien asegur\u00f3 que dicha estructura es la n\u00famero once en construcci\u00f3n del a\u00f1o 2021.<\/p>\n\n\n\n<p>\u201cSeguimos librando otras batallas con otras herramientas, con otras armas, con otros motivos, con otros objetivos para seguir defendiendo esa paz, esa soberan\u00eda y esa libertad, all\u00ed estaba el pueblo Way\u00fau organizado en esas Mesas T\u00e9cnicas de Agua, me compartieron paso a paso c\u00f3mo recibieron el equipamiento, c\u00f3mo se organizaron, perforaron el pozo, no era una rehabilitaci\u00f3n, era un pozo nuevo; montaron los equipos y ellos lo operan, en ese pueblo lo que hab\u00eda era felicidad\u201d, agreg\u00f3 V\u00e1squez.<\/p>\n\n\n\n<div class=\"wp-block-image\"><figure class=\"aligncenter size-large is-resized\"><img loading=\"lazy\" decoding=\"async\" src=\"https:\/\/minaguas.gob.ve\/wp-content\/uploads\/2021\/08\/IMG-20210618-WA0048-1024x683.jpg\" alt=\"\" class=\"wp-image-654\" width=\"841\" height=\"561\" srcset=\"https:\/\/minaguas.gob.ve\/wp-content\/uploads\/2021\/08\/IMG-20210618-WA0048-1024x683.jpg 1024w, https:\/\/minaguas.gob.ve\/wp-content\/uploads\/2021\/08\/IMG-20210618-WA0048-300x200.jpg 300w, https:\/\/minaguas.gob.ve\/wp-content\/uploads\/2021\/08\/IMG-20210618-WA0048-768x512.jpg 768w, https:\/\/minaguas.gob.ve\/wp-content\/uploads\/2021\/08\/IMG-20210618-WA0048.jpg 1080w\" sizes=\"auto, (max-width: 841px) 100vw, 841px\" \/><\/figure><\/div>\n\n\n\n<p><\/p>\n","protected":false},"excerpt":{"rendered":"<p>La m\u00e1xima autoridad del Agua resalt\u00f3 la labor que desarrollan quienes est\u00e1n al frente del ministerio, transformando dificultades en mecanismos de gesti\u00f3n para el sector h\u00eddrico, a trav\u00e9s de la transferencia de servicio al Poder Popular Prensa MinAguas (18-06-2021)A prop\u00f3sito conmemorarse el tercer aniversario del Ministerio del Poder Popular de Atenci\u00f3n de las Aguas, la [&hellip;]<\/p>\n","protected":false},"author":28,"featured_media":652,"comment_status":"open","ping_status":"open","sticky":false,"template":"","format":"standard","meta":{"footnotes":""},"categories":[1],"tags":[24],"class_list":["post-651","post","type-post","status-publish","format-standard","has-post-thumbnail","hentry","category-noticias","tag-pueblo-trabajador-del-agua"],"_links":{"self":[{"href":"https:\/\/minaguas.gob.ve\/index.php?rest_route=\/wp\/v2\/posts\/651","targetHints":{"allow":["GET"]}}],"collection":[{"href":"https:\/\/minaguas.gob.ve\/index.php?rest_route=\/wp\/v2\/posts"}],"about":[{"href":"https:\/\/minaguas.gob.ve\/index.php?rest_route=\/wp\/v2\/types\/post"}],"author":[{"embeddable":true,"href":"https:\/\/minaguas.gob.ve\/index.php?rest_route=\/wp\/v2\/users\/28"}],"replies":[{"embeddable":true,"href":"https:\/\/minaguas.gob.ve\/index.php?rest_route=%2Fwp%2Fv2%2Fcomments&post=651"}],"version-history":[{"count":0,"href":"https:\/\/minaguas.gob.ve\/index.php?rest_route=\/wp\/v2\/posts\/651\/revisions"}],"wp:featuredmedia":[{"embeddable":true,"href":"https:\/\/minaguas.gob.ve\/index.php?rest_route=\/wp\/v2\/media\/652"}],"wp:attachment":[{"href":"https:\/\/minaguas.gob.ve\/index.php?rest_route=%2Fwp%2Fv2%2Fmedia&parent=651"}],"wp:term":[{"taxonomy":"category","embeddable":true,"href":"https:\/\/minaguas.gob.ve\/index.php?rest_route=%2Fwp%2Fv2%2Fcategories&post=651"},{"taxonomy":"post_tag","embeddable":true,"href":"https:\/\/minaguas.gob.ve\/index.php?rest_route=%2Fwp%2Fv2%2Ftags&post=651"}],"curies":[{"name":"wp","href":"https:\/\/api.w.org\/{rel}","templated":true}]}}