{"id":6489,"date":"2023-11-17T15:03:06","date_gmt":"2023-11-17T19:03:06","guid":{"rendered":"https:\/\/minaguas.gob.ve\/?p=6489"},"modified":"2023-11-17T15:31:26","modified_gmt":"2023-11-17T19:31:26","slug":"aguas-de-yaracuy-activo-dos-pozos-de-agua-en-el-municipio-veroes","status":"publish","type":"post","link":"https:\/\/minaguas.gob.ve\/?p=6489","title":{"rendered":"Aguas de Yaracuy activ\u00f3 dos pozos de agua en el municipio Veroes"},"content":{"rendered":"<div class=\"wp-block-image\">\n<figure class=\"aligncenter size-full\"><img loading=\"lazy\" decoding=\"async\" width=\"1040\" height=\"780\" src=\"https:\/\/minaguas.gob.ve\/wp-content\/uploads\/2023\/11\/1700077638761.jpg\" alt=\"\" class=\"wp-image-6490\" \/><\/figure>\n<\/div>\n\n\n<p><\/p>\n\n\n\n<p><strong>(Prensa MinAguas\/Aguas de Yaracuy 17-11-2023).-<\/strong> El Gobierno Bolivariano liderado por el presidente Nicol\u00e1s Maduro, a trav\u00e9s del ministerio del Poder Popular de Atenci\u00f3n de las Aguas y la Hidrol\u00f3gica Regional Aguas de Yaracuy, atendi\u00f3 a m\u00e1s de seis mil 100 habitantes del municipio Veroes, tras la puesta en funcionamiento de dos pozos, ubicados en las comunidades Taria y Farriar.<\/p>\n\n\n\n<p>El presidente del ente h\u00eddrico, Juan Luis Vel\u00e1squez, precis\u00f3 que luego de las instalaciones de los equipos sumergibles se garantiz\u00f3 m\u00e1s de 43 litros por segundo para abastecer a las poblaciones beneficiadas; manifestando a su vez que durante la puesta en marcha se instalaron motores y bombas de 40 y 20 Hp.<\/p>\n\n\n\n<p>Asimismo, a\u00f1adi\u00f3 que recientemente fueron puestos en funcionamiento los pozos La Perdomera, 7 de Ca\u00f1averal, Las Velas y San Javier en el municipio Pe\u00f1a y Cabo Blanco en el municipio Nirgua.<\/p>\n\n\n\n<p>Adem\u00e1s, resalt\u00f3 que la puesta en marcha de las fuentes subterr\u00e1neas es gracias a la gesti\u00f3n del ministro G\/D Rodolfo Marco Torres y el gobernador Julio Le\u00f3n, quienes regularmente dotan de equipos a la entidad yaracuyana para solventar reportes generados a trav\u00e9s de la VenApp.<\/p>\n\n\n\n<figure class=\"wp-block-gallery has-nested-images columns-default is-cropped wp-block-gallery-1 is-layout-flex wp-block-gallery-is-layout-flex\">\n<figure class=\"wp-block-image size-large\"><img loading=\"lazy\" decoding=\"async\" width=\"1040\" height=\"780\" data-id=\"6491\" src=\"https:\/\/minaguas.gob.ve\/wp-content\/uploads\/2023\/11\/1700077638827.jpg\" alt=\"\" class=\"wp-image-6491\" \/><\/figure>\n\n\n\n<figure class=\"wp-block-image size-large\"><img loading=\"lazy\" decoding=\"async\" width=\"1040\" height=\"780\" data-id=\"6492\" src=\"https:\/\/minaguas.gob.ve\/wp-content\/uploads\/2023\/11\/1700077638730.jpg\" alt=\"\" class=\"wp-image-6492\" \/><\/figure>\n<\/figure>\n","protected":false},"excerpt":{"rendered":"<p>(Prensa MinAguas\/Aguas de Yaracuy 17-11-2023).- El Gobierno Bolivariano liderado por el presidente Nicol\u00e1s Maduro, a trav\u00e9s del ministerio del Poder Popular de Atenci\u00f3n de las Aguas y la Hidrol\u00f3gica Regional Aguas de Yaracuy, atendi\u00f3 a m\u00e1s de seis mil 100 habitantes del municipio Veroes, tras la puesta en funcionamiento de dos pozos, ubicados en las [&hellip;]<\/p>\n","protected":false},"author":28,"featured_media":6490,"comment_status":"open","ping_status":"open","sticky":false,"template":"","format":"standard","meta":{"footnotes":""},"categories":[1],"tags":[42,52,31,45],"class_list":["post-6489","post","type-post","status-publish","format-standard","has-post-thumbnail","hentry","category-noticias","tag-agua-potable","tag-aguas-de-yaracuy","tag-pozos-profundos","tag-regionales"],"_links":{"self":[{"href":"https:\/\/minaguas.gob.ve\/index.php?rest_route=\/wp\/v2\/posts\/6489","targetHints":{"allow":["GET"]}}],"collection":[{"href":"https:\/\/minaguas.gob.ve\/index.php?rest_route=\/wp\/v2\/posts"}],"about":[{"href":"https:\/\/minaguas.gob.ve\/index.php?rest_route=\/wp\/v2\/types\/post"}],"author":[{"embeddable":true,"href":"https:\/\/minaguas.gob.ve\/index.php?rest_route=\/wp\/v2\/users\/28"}],"replies":[{"embeddable":true,"href":"https:\/\/minaguas.gob.ve\/index.php?rest_route=%2Fwp%2Fv2%2Fcomments&post=6489"}],"version-history":[{"count":0,"href":"https:\/\/minaguas.gob.ve\/index.php?rest_route=\/wp\/v2\/posts\/6489\/revisions"}],"wp:featuredmedia":[{"embeddable":true,"href":"https:\/\/minaguas.gob.ve\/index.php?rest_route=\/wp\/v2\/media\/6490"}],"wp:attachment":[{"href":"https:\/\/minaguas.gob.ve\/index.php?rest_route=%2Fwp%2Fv2%2Fmedia&parent=6489"}],"wp:term":[{"taxonomy":"category","embeddable":true,"href":"https:\/\/minaguas.gob.ve\/index.php?rest_route=%2Fwp%2Fv2%2Fcategories&post=6489"},{"taxonomy":"post_tag","embeddable":true,"href":"https:\/\/minaguas.gob.ve\/index.php?rest_route=%2Fwp%2Fv2%2Ftags&post=6489"}],"curies":[{"name":"wp","href":"https:\/\/api.w.org\/{rel}","templated":true}]}}