{"id":6479,"date":"2023-11-16T10:04:34","date_gmt":"2023-11-16T14:04:34","guid":{"rendered":"https:\/\/minaguas.gob.ve\/?p=6479"},"modified":"2023-11-16T10:04:34","modified_gmt":"2023-11-16T14:04:34","slug":"ministro-marco-torres-inauguro-pozos-mirabal-y-marapa-piache-en-la-guaira","status":"publish","type":"post","link":"https:\/\/minaguas.gob.ve\/?p=6479","title":{"rendered":"Ministro Marco Torres inaugur\u00f3 pozos Mirabal y Marapa-Piache en La Guaira"},"content":{"rendered":"\n<p><strong>(Prensa MinAguas 15-11-2023).\u2013<\/strong> El ministro del Poder Popular de Atenci\u00f3n de las Aguas, G\/D Rodolfo Marco Torres, en compa\u00f1\u00eda del gobernador del estado La Guaira, Jos\u00e9 Alejandro Ter\u00e1n, inaugur\u00f3 dos pozos de agua potable en los sectores Mirabal y Marapa-Piache de la parroquia Catia La Mar del municipio Vargas para atender a 15 mil habitantes del litoral central.<\/p>\n\n\n\n<p>El titular de la cartera de Aguas afirm\u00f3 que la activaci\u00f3n de las fuentes acu\u00edferas se ejecut\u00f3 \u00abcumpliendo con las instrucciones de nuestro presidente Nicol\u00e1s Maduro, quien asumi\u00f3 el compromiso del Plan 1&#215;0 del Buen Gobierno. Estamos hablando de m\u00e1s de 2 millones 800 mil litros de agua por d\u00eda los que se incorporan a la red de distribuci\u00f3n en el estado La Guaira, lo cual solo es posible de la mano del Pueblo\u00bb.<\/p>\n\n\n\n<p>Estos trabajos contemplaron la perforaci\u00f3n de 72 metros de profundidad, la construcci\u00f3n de los pozos de agua continua, el empalme de m\u00e1s de 50 metros de tuber\u00eda de 4 y 6 pulgadas con sus respectivas llaves de maniobra, la compactaci\u00f3n de zanjas y las pruebas hidr\u00e1ulicas que garantizan la correcta explotaci\u00f3n de las fuentes de agua; as\u00ed como el mantenimiento de casetas.<\/p>\n\n\n\n<p>\u00abLa Guaira hoy se siente privilegiada, hemos sido rigurosos en la planificaci\u00f3n y seguimiento de las acciones acordadas con el objetivo de incrementar la captaci\u00f3n y mejorar la distribuci\u00f3n de agua en todo el estado\u00bb, expres\u00f3 el gobernador Ter\u00e1n a la vez que inform\u00f3 que las maquinarias e insumos otorgados por MinAguas han permitido incrementar la operatividad en la atenci\u00f3n del sistema h\u00eddrico en la entidad.<\/p>\n\n\n\n<figure class=\"wp-block-image size-full\"><img loading=\"lazy\" decoding=\"async\" width=\"960\" height=\"540\" src=\"https:\/\/minaguas.gob.ve\/wp-content\/uploads\/2023\/11\/WhatsApp-Image-2023-11-16-at-9.55.44-AM-2.jpeg\" alt=\"\" class=\"wp-image-6481\" \/><\/figure>\n\n\n\n<p>Por su parte, Angelimar Luis, representante del consejo comunal \u00abDespertar de Marapa\u00bb manifest\u00f3 el agradecimiento de la comunidad de la parroquia Catia La Mar, \u00abde ah\u00ed nace el sue\u00f1o que ten\u00edamos de haber recibir la atenci\u00f3n a nuestra necesidad del vital l\u00edquido\u00bb.<\/p>\n\n\n\n<p>Como parte de la jornada Mi\u00e9rcoles de La Guaira, las autoridades tambi\u00e9n anunciaron la recuperaci\u00f3n de la planta desalinizadora ubicada en el sector Mare de la entidad; al tiempo que revisaron las 21 acciones conjuntas que contemplan la construcci\u00f3n de pozos y desarenadores, potenciaci\u00f3n de sistemas de tuber\u00eda submarina y superficial, adem\u00e1s de la rehabilitaci\u00f3n de la aducci\u00f3n del tramo Maya-Picure que permitir\u00e1 la captaci\u00f3n de 600 litros por segundo de agua.<\/p>\n\n\n\n<figure class=\"wp-block-image size-full\"><img loading=\"lazy\" decoding=\"async\" width=\"960\" height=\"540\" src=\"https:\/\/minaguas.gob.ve\/wp-content\/uploads\/2023\/11\/WhatsApp-Image-2023-11-16-at-9.55.44-AM-1.jpeg\" alt=\"\" class=\"wp-image-6482\" \/><\/figure>\n\n\n\n<figure class=\"wp-block-image size-full\"><img loading=\"lazy\" decoding=\"async\" width=\"960\" height=\"540\" src=\"https:\/\/minaguas.gob.ve\/wp-content\/uploads\/2023\/11\/WhatsApp-Image-2023-11-16-at-9.56.30-AM.jpeg\" alt=\"\" class=\"wp-image-6483\" \/><\/figure>\n","protected":false},"excerpt":{"rendered":"<p>(Prensa MinAguas 15-11-2023).\u2013 El ministro del Poder Popular de Atenci\u00f3n de las Aguas, G\/D Rodolfo Marco Torres, en compa\u00f1\u00eda del gobernador del estado La Guaira, Jos\u00e9 Alejandro Ter\u00e1n, inaugur\u00f3 dos pozos de agua potable en los sectores Mirabal y Marapa-Piache de la parroquia Catia La Mar del municipio Vargas para atender a 15 mil habitantes [&hellip;]<\/p>\n","protected":false},"author":28,"featured_media":6484,"comment_status":"open","ping_status":"open","sticky":false,"template":"","format":"standard","meta":{"footnotes":""},"categories":[1],"tags":[42,101,31,45],"class_list":["post-6479","post","type-post","status-publish","format-standard","has-post-thumbnail","hentry","category-noticias","tag-agua-potable","tag-la-guaira","tag-pozos-profundos","tag-regionales"],"_links":{"self":[{"href":"https:\/\/minaguas.gob.ve\/index.php?rest_route=\/wp\/v2\/posts\/6479","targetHints":{"allow":["GET"]}}],"collection":[{"href":"https:\/\/minaguas.gob.ve\/index.php?rest_route=\/wp\/v2\/posts"}],"about":[{"href":"https:\/\/minaguas.gob.ve\/index.php?rest_route=\/wp\/v2\/types\/post"}],"author":[{"embeddable":true,"href":"https:\/\/minaguas.gob.ve\/index.php?rest_route=\/wp\/v2\/users\/28"}],"replies":[{"embeddable":true,"href":"https:\/\/minaguas.gob.ve\/index.php?rest_route=%2Fwp%2Fv2%2Fcomments&post=6479"}],"version-history":[{"count":0,"href":"https:\/\/minaguas.gob.ve\/index.php?rest_route=\/wp\/v2\/posts\/6479\/revisions"}],"wp:featuredmedia":[{"embeddable":true,"href":"https:\/\/minaguas.gob.ve\/index.php?rest_route=\/wp\/v2\/media\/6484"}],"wp:attachment":[{"href":"https:\/\/minaguas.gob.ve\/index.php?rest_route=%2Fwp%2Fv2%2Fmedia&parent=6479"}],"wp:term":[{"taxonomy":"category","embeddable":true,"href":"https:\/\/minaguas.gob.ve\/index.php?rest_route=%2Fwp%2Fv2%2Fcategories&post=6479"},{"taxonomy":"post_tag","embeddable":true,"href":"https:\/\/minaguas.gob.ve\/index.php?rest_route=%2Fwp%2Fv2%2Ftags&post=6479"}],"curies":[{"name":"wp","href":"https:\/\/api.w.org\/{rel}","templated":true}]}}