{"id":6384,"date":"2023-11-08T19:52:51","date_gmt":"2023-11-08T23:52:51","guid":{"rendered":"https:\/\/minaguas.gob.ve\/?p=6384"},"modified":"2023-11-08T19:52:51","modified_gmt":"2023-11-08T23:52:51","slug":"minaguas-consolida-obras-del-sistema-hidrico-en-la-guaira","status":"publish","type":"post","link":"https:\/\/minaguas.gob.ve\/?p=6384","title":{"rendered":"MinAguas consolida obras del sistema h\u00eddrico en La Guaira"},"content":{"rendered":"<div class=\"wp-block-image\">\n<figure class=\"aligncenter size-full\"><img loading=\"lazy\" decoding=\"async\" width=\"1280\" height=\"960\" src=\"https:\/\/minaguas.gob.ve\/wp-content\/uploads\/2023\/11\/IMG_20231108_194723_848.jpg\" alt=\"\" class=\"wp-image-6386\" \/><\/figure>\n<\/div>\n\n\n<p><\/p>\n\n\n\n<p><strong>(Prensa MinAguas 08-11-2023). \u2013 <\/strong>Como cada mi\u00e9rcoles, el ministro del Poder Popular de Atenci\u00f3n de las Aguas, G\/D Rodolfo Marco Torres, junto con el gobernador del estado La Guaira, Jos\u00e9 Alejandro Ter\u00e1n y el presidente de Hidrocapital, Carlos Mast revisaron los avances de los 21 proyectos del plan de acci\u00f3n conjunto con el objetivo de fortalecer el sistema h\u00eddrico en la entidad.  <\/p>\n\n\n\n<p>En esta ocasi\u00f3n las autoridades instalaron una mesa de trabajo donde evaluaron los avances en la construcci\u00f3n de once pozos, desarenadores, cinco sistemas de tuber\u00eda submarina de las ocho previstas; as\u00ed como la rehabilitaci\u00f3n de 18 kil\u00f3metros de tuber\u00eda entre Puerto Cruz y Chichiriviche de la Costa, obra que aportar\u00e1 800 litros de agua por segundo adicionales a los mil 200 que ya se est\u00e1n captando para mejorar el servicio en la regi\u00f3n costera. <\/p>\n\n\n\n<p>En este sentido, el titular de la cartera de Aguas enfatiz\u00f3 que se hace seguimiento al resumen estad\u00edstico de cada reporte que se recibe a trav\u00e9s del 1&#215;10 del Buen Gobierno, \u201creporte que se atiende, como lo ha instruido el presidente de la Rep\u00fablica Nicol\u00e1s Maduro\u00bb, desde la creaci\u00f3n de este importante sistema. <\/p>\n\n\n\n<figure class=\"wp-block-gallery has-nested-images columns-default is-cropped wp-block-gallery-1 is-layout-flex wp-block-gallery-is-layout-flex\">\n<figure class=\"wp-block-image size-large\"><img loading=\"lazy\" decoding=\"async\" width=\"1280\" height=\"853\" data-id=\"6388\" src=\"https:\/\/minaguas.gob.ve\/wp-content\/uploads\/2023\/11\/IMG_20231108_163744_706-2.jpg\" alt=\"\" class=\"wp-image-6388\" \/><\/figure>\n\n\n\n<figure class=\"wp-block-image size-large\"><img loading=\"lazy\" decoding=\"async\" width=\"1280\" height=\"853\" data-id=\"6389\" src=\"https:\/\/minaguas.gob.ve\/wp-content\/uploads\/2023\/11\/IMG_20231108_195021_244.jpg\" alt=\"\" class=\"wp-image-6389\" \/><\/figure>\n<\/figure>\n\n\n\n<p>Como parte de las acciones que llevan a cabo MinAguas y la gobernaci\u00f3n, inspeccionaron la instalaci\u00f3n de 500 metros de tuber\u00eda submarina de 16 pulgadas en la parroquia Caruao, para beneficiar a mil 500 habitantes de Todasana, Urama y San Rafael. <\/p>\n\n\n\n<p>\u201cSon dos kil\u00f3metros de tuber\u00eda que se han colocado en cuatro sectores de la parroquia Caruao y ahora estamos en Todasana, supervisando esta instalaci\u00f3n que nos va a permitir mejorar el sistema de aguas servidas\u201d, explic\u00f3 el ministro. <\/p>\n\n\n\n<p>El gobernador de la entidad expres\u00f3 que \u201ces necesario que existan servicios p\u00fablicos de calidad para seguir promoviendo el turismo, y a su vez esto permite que haya mayor fuente de empleo para estimular el desarrollo econ\u00f3mico de la regi\u00f3n.\u201d  <\/p>\n\n\n\n<p>Al respecto, Bennialy Rivas, vocera del poder popular, mostr\u00f3 su agradecimiento al Gobierno Nacional y a la Fuerza Trabajadora de Hidrocapital por la obra que se ejecuta, \u201cesperamos que nuestro pueblo se convierta en una de las primeras potencias del turismo en Venezuela\u201d.<\/p>\n\n\n<div class=\"wp-block-image\">\n<figure class=\"aligncenter size-full\"><img loading=\"lazy\" decoding=\"async\" width=\"1280\" height=\"853\" src=\"https:\/\/minaguas.gob.ve\/wp-content\/uploads\/2023\/11\/IMG_20231108_163736_925.jpg\" alt=\"\" class=\"wp-image-6390\" \/><\/figure>\n<\/div>","protected":false},"excerpt":{"rendered":"<p>(Prensa MinAguas 08-11-2023). \u2013 Como cada mi\u00e9rcoles, el ministro del Poder Popular de Atenci\u00f3n de las Aguas, G\/D Rodolfo Marco Torres, junto con el gobernador del estado La Guaira, Jos\u00e9 Alejandro Ter\u00e1n y el presidente de Hidrocapital, Carlos Mast revisaron los avances de los 21 proyectos del plan de acci\u00f3n conjunto con el objetivo de [&hellip;]<\/p>\n","protected":false},"author":28,"featured_media":6391,"comment_status":"open","ping_status":"open","sticky":false,"template":"","format":"standard","meta":{"footnotes":""},"categories":[1],"tags":[36,101,8,24],"class_list":["post-6384","post","type-post","status-publish","format-standard","has-post-thumbnail","hentry","category-noticias","tag-hidrocapital","tag-la-guaira","tag-nacionales","tag-pueblo-trabajador-del-agua"],"_links":{"self":[{"href":"https:\/\/minaguas.gob.ve\/index.php?rest_route=\/wp\/v2\/posts\/6384","targetHints":{"allow":["GET"]}}],"collection":[{"href":"https:\/\/minaguas.gob.ve\/index.php?rest_route=\/wp\/v2\/posts"}],"about":[{"href":"https:\/\/minaguas.gob.ve\/index.php?rest_route=\/wp\/v2\/types\/post"}],"author":[{"embeddable":true,"href":"https:\/\/minaguas.gob.ve\/index.php?rest_route=\/wp\/v2\/users\/28"}],"replies":[{"embeddable":true,"href":"https:\/\/minaguas.gob.ve\/index.php?rest_route=%2Fwp%2Fv2%2Fcomments&post=6384"}],"version-history":[{"count":0,"href":"https:\/\/minaguas.gob.ve\/index.php?rest_route=\/wp\/v2\/posts\/6384\/revisions"}],"wp:featuredmedia":[{"embeddable":true,"href":"https:\/\/minaguas.gob.ve\/index.php?rest_route=\/wp\/v2\/media\/6391"}],"wp:attachment":[{"href":"https:\/\/minaguas.gob.ve\/index.php?rest_route=%2Fwp%2Fv2%2Fmedia&parent=6384"}],"wp:term":[{"taxonomy":"category","embeddable":true,"href":"https:\/\/minaguas.gob.ve\/index.php?rest_route=%2Fwp%2Fv2%2Fcategories&post=6384"},{"taxonomy":"post_tag","embeddable":true,"href":"https:\/\/minaguas.gob.ve\/index.php?rest_route=%2Fwp%2Fv2%2Ftags&post=6384"}],"curies":[{"name":"wp","href":"https:\/\/api.w.org\/{rel}","templated":true}]}}