{"id":6349,"date":"2023-11-03T17:48:08","date_gmt":"2023-11-03T21:48:08","guid":{"rendered":"https:\/\/minaguas.gob.ve\/?p=6349"},"modified":"2023-11-03T17:48:08","modified_gmt":"2023-11-03T21:48:08","slug":"hidrocaribe-culmino-mantenimiento-del-sistema-rincon-molorca-en-anzoategui","status":"publish","type":"post","link":"https:\/\/minaguas.gob.ve\/?p=6349","title":{"rendered":"Hidrocaribe culmin\u00f3 mantenimiento del Sistema Rinc\u00f3n-Molorca en Anzo\u00e1tegui"},"content":{"rendered":"<div class=\"wp-block-image\">\n<figure class=\"aligncenter size-full\"><img loading=\"lazy\" decoding=\"async\" width=\"960\" height=\"432\" src=\"https:\/\/minaguas.gob.ve\/wp-content\/uploads\/2023\/11\/WhatsApp-Image-2023-11-03-at-5.26.31-PM.jpeg\" alt=\"\" class=\"wp-image-6351\" \/><\/figure>\n<\/div>\n\n\n<p>(Prensa HidroCaribe &#8211; MinAguas). El ministerio del Poder Popular de Atenci\u00f3n de las<br>Aguas y la Hidrol\u00f3gica del Caribe, en sinergia con la Empresa Noroccidental de Mantenimiento y Obras Hidr\u00e1ulicas (Enmohca), culminaron de manera exitosa los trabajos de mantenimiento del Sistema Rinc\u00f3n\u2013Molorca para reforzar su operatividad y garantizar la distribuci\u00f3n del servicio a los habitantes de la zona norte del estado\u00a0Anzo\u00e1tegui.<\/p>\n\n\n\n<p>El presidente de Hidrocaribe, Lucas Sapiain, detall\u00f3 que se efectu\u00f3 el cambio de piezas, balanceo y alineaci\u00f3n a los equipos de bombeo 1 y 2 de la Estaci\u00f3n de Bombeo de Agua Cruda Curaguaro, adem\u00e1s de la reparaci\u00f3n de dos aver\u00edas en la tuber\u00eda de impulsi\u00f3n de 60 pulgadas y trabajos de pica y poda en la subestaci\u00f3n el\u00e9ctrica.<\/p>\n\n\n\n<p>Las obras comprendieron la reparaci\u00f3n de la v\u00e1lvulas de 20 pulgadas de la compuerta del sistema&nbsp;Curaguaro y el mantenimiento preventivo al generador de 300 Kva de la Planta Potabilizadora El Rinc\u00f3n y el desmalezamiento en la l\u00ednea de 115 Kv de alimentaci\u00f3n el\u00e9ctrica.<\/p>\n\n\n\n<p>El Pueblo Trabajador del Agua, se mantuvo desplegado en distintos puntos de los municipios Sotillo y Urbaneja, para realizar la correcci\u00f3n de aver\u00edas en tuber\u00eda de 4 pulgadas y sustituci\u00f3n de v\u00e1lvulas de 8 pulgadas en los sectores el Morro Humboldt y Tierra Adentro de Puerto La Cruz.<\/p>\n\n\n\n<p>En este sentido, se da respuesta inmediata a las solitudes del 1&#215;10 del Buen Gobierno de acuerdo a las orientaciones del presidente Nicol\u00e1s Maduro en beneficio de los venezolanos.<\/p>\n\n\n\n<figure class=\"wp-block-gallery has-nested-images columns-default is-cropped wp-block-gallery-1 is-layout-flex wp-block-gallery-is-layout-flex\">\n<figure class=\"wp-block-image size-large\"><img loading=\"lazy\" decoding=\"async\" width=\"1000\" height=\"750\" data-id=\"6352\" src=\"https:\/\/minaguas.gob.ve\/wp-content\/uploads\/2023\/11\/WhatsApp-Image-2023-11-03-at-5.26.30-PM-1.jpeg\" alt=\"\" class=\"wp-image-6352\" \/><\/figure>\n\n\n\n<figure class=\"wp-block-image size-large\"><img loading=\"lazy\" decoding=\"async\" width=\"1000\" height=\"563\" data-id=\"6354\" src=\"https:\/\/minaguas.gob.ve\/wp-content\/uploads\/2023\/11\/WhatsApp-Image-2023-11-03-at-5.26.29-PM-2.jpeg\" alt=\"\" class=\"wp-image-6354\" \/><\/figure>\n\n\n\n<figure class=\"wp-block-image size-large\"><img loading=\"lazy\" decoding=\"async\" width=\"1000\" height=\"563\" data-id=\"6353\" src=\"https:\/\/minaguas.gob.ve\/wp-content\/uploads\/2023\/11\/WhatsApp-Image-2023-11-03-at-5.26.29-PM-1.jpeg\" alt=\"\" class=\"wp-image-6353\" \/><\/figure>\n<\/figure>\n","protected":false},"excerpt":{"rendered":"<p>(Prensa HidroCaribe &#8211; MinAguas). El ministerio del Poder Popular de Atenci\u00f3n de lasAguas y la Hidrol\u00f3gica del Caribe, en sinergia con la Empresa Noroccidental de Mantenimiento y Obras Hidr\u00e1ulicas (Enmohca), culminaron de manera exitosa los trabajos de mantenimiento del Sistema Rinc\u00f3n\u2013Molorca para reforzar su operatividad y garantizar la distribuci\u00f3n del servicio a los habitantes de [&hellip;]<\/p>\n","protected":false},"author":28,"featured_media":6351,"comment_status":"open","ping_status":"open","sticky":false,"template":"","format":"standard","meta":{"footnotes":""},"categories":[1],"tags":[42,70,13,60,24,45],"class_list":["post-6349","post","type-post","status-publish","format-standard","has-post-thumbnail","hentry","category-noticias","tag-agua-potable","tag-anzoategui","tag-brippas","tag-hidrocaribe","tag-pueblo-trabajador-del-agua","tag-regionales"],"_links":{"self":[{"href":"https:\/\/minaguas.gob.ve\/index.php?rest_route=\/wp\/v2\/posts\/6349","targetHints":{"allow":["GET"]}}],"collection":[{"href":"https:\/\/minaguas.gob.ve\/index.php?rest_route=\/wp\/v2\/posts"}],"about":[{"href":"https:\/\/minaguas.gob.ve\/index.php?rest_route=\/wp\/v2\/types\/post"}],"author":[{"embeddable":true,"href":"https:\/\/minaguas.gob.ve\/index.php?rest_route=\/wp\/v2\/users\/28"}],"replies":[{"embeddable":true,"href":"https:\/\/minaguas.gob.ve\/index.php?rest_route=%2Fwp%2Fv2%2Fcomments&post=6349"}],"version-history":[{"count":0,"href":"https:\/\/minaguas.gob.ve\/index.php?rest_route=\/wp\/v2\/posts\/6349\/revisions"}],"wp:featuredmedia":[{"embeddable":true,"href":"https:\/\/minaguas.gob.ve\/index.php?rest_route=\/wp\/v2\/media\/6351"}],"wp:attachment":[{"href":"https:\/\/minaguas.gob.ve\/index.php?rest_route=%2Fwp%2Fv2%2Fmedia&parent=6349"}],"wp:term":[{"taxonomy":"category","embeddable":true,"href":"https:\/\/minaguas.gob.ve\/index.php?rest_route=%2Fwp%2Fv2%2Fcategories&post=6349"},{"taxonomy":"post_tag","embeddable":true,"href":"https:\/\/minaguas.gob.ve\/index.php?rest_route=%2Fwp%2Fv2%2Ftags&post=6349"}],"curies":[{"name":"wp","href":"https:\/\/api.w.org\/{rel}","templated":true}]}}