{"id":6211,"date":"2023-10-06T12:36:06","date_gmt":"2023-10-06T16:36:06","guid":{"rendered":"https:\/\/minaguas.gob.ve\/?p=6211"},"modified":"2023-10-07T11:42:55","modified_gmt":"2023-10-07T15:42:55","slug":"minaguas-inspecciono-obras-de-rehabilitacion-de-la-estacion-de-bombeo-de-aguas-servidas-el-mene","status":"publish","type":"post","link":"https:\/\/minaguas.gob.ve\/?p=6211","title":{"rendered":"MinAguas inspeccion\u00f3 obras de rehabilitaci\u00f3n de la estaci\u00f3n de bombeo de aguas servidas El Mene"},"content":{"rendered":"<div class=\"wp-block-image\">\n<figure class=\"aligncenter size-full\"><img loading=\"lazy\" decoding=\"async\" width=\"1280\" height=\"720\" src=\"https:\/\/minaguas.gob.ve\/wp-content\/uploads\/2023\/10\/WhatsApp-Image-2023-10-06-at-12.10.47-PM.jpeg\" alt=\"\" class=\"wp-image-6212\" \/><\/figure>\n<\/div>\n\n\n<p>(Prensa MinAguas \/ Hidrolago 05-10-2023).- La viceministra del Servicio de Agua Potable y Saneamiento, Yesenia Moreno, particip\u00f3 este jueves en la inspecci\u00f3n del avance en los trabajos de rehabilitaci\u00f3n de la estaci\u00f3n de bombeo de aguas servidas El Mene que favorecer\u00e1n a m\u00e1s de 6 mil habitantes del municipio Santa Rita en la Costa Oriental del Lago, estado Zulia.<\/p>\n\n\n\n<p>La autoridad del MinAguas realiz\u00f3 el recorrido coordinado por la Comisi\u00f3n Presidencial para el Rescate, Conservaci\u00f3n y Desarrollo Sostenible del Lago de Maracaibo; acompa\u00f1ada del presidente de Hidrolago, Freddy Rodr\u00edguez Morales, el equipo de operaciones y mantenimiento de la hidrol\u00f3gica zuliana, y el poder popular organizado.<\/p>\n\n\n\n<p>Rodr\u00edguez detall\u00f3 que \u201cen esta instalaci\u00f3n h\u00eddrica, se ha avanzado en las tareas de deforestaci\u00f3n, desmalezamiento, corte y poda en la estaci\u00f3n de bombeo, limpieza a las \u00e1reas internas y externas de las 3 lagunas, instalaci\u00f3n del equipo de bombeo que permite procesar 15 litros de agua servida por segundo, colocaci\u00f3n tablero de control, revisi\u00f3n del cableado de alta tensi\u00f3n y las tuber\u00edas\u201d.<\/p>\n\n\n\n<p>Representantes de los consejos comunales \u201cUn nuevo Socialismo\u201d, \u201cCruz de Mayo Socialista\u201d y \u201cViviendas Guere\u201d plantearon aportes en funci\u00f3n de contribuir a las acciones que ejecuta MinAguas por instrucciones del presidente Nicol\u00e1s Maduro para mejorar la calidad de los habitantes de la parroquia El Mene de la entidad zuliana.<\/p>\n\n\n\n<figure class=\"wp-block-gallery has-nested-images columns-default is-cropped wp-block-gallery-1 is-layout-flex wp-block-gallery-is-layout-flex\"><div class=\"wp-block-image\">\n<figure class=\"aligncenter size-large\"><img loading=\"lazy\" decoding=\"async\" width=\"1280\" height=\"960\" data-id=\"6213\" src=\"https:\/\/minaguas.gob.ve\/wp-content\/uploads\/2023\/10\/WhatsApp-Image-2023-10-06-at-12.10.48-PM.jpeg\" alt=\"\" class=\"wp-image-6213\" \/><\/figure>\n<\/div><\/figure>\n","protected":false},"excerpt":{"rendered":"<p>(Prensa MinAguas \/ Hidrolago 05-10-2023).- La viceministra del Servicio de Agua Potable y Saneamiento, Yesenia Moreno, particip\u00f3 este jueves en la inspecci\u00f3n del avance en los trabajos de rehabilitaci\u00f3n de la estaci\u00f3n de bombeo de aguas servidas El Mene que favorecer\u00e1n a m\u00e1s de 6 mil habitantes del municipio Santa Rita en la Costa Oriental [&hellip;]<\/p>\n","protected":false},"author":28,"featured_media":6212,"comment_status":"open","ping_status":"open","sticky":false,"template":"","format":"standard","meta":{"footnotes":""},"categories":[1],"tags":[42,24,45,73],"class_list":["post-6211","post","type-post","status-publish","format-standard","has-post-thumbnail","hentry","category-noticias","tag-agua-potable","tag-pueblo-trabajador-del-agua","tag-regionales","tag-zulia"],"_links":{"self":[{"href":"https:\/\/minaguas.gob.ve\/index.php?rest_route=\/wp\/v2\/posts\/6211","targetHints":{"allow":["GET"]}}],"collection":[{"href":"https:\/\/minaguas.gob.ve\/index.php?rest_route=\/wp\/v2\/posts"}],"about":[{"href":"https:\/\/minaguas.gob.ve\/index.php?rest_route=\/wp\/v2\/types\/post"}],"author":[{"embeddable":true,"href":"https:\/\/minaguas.gob.ve\/index.php?rest_route=\/wp\/v2\/users\/28"}],"replies":[{"embeddable":true,"href":"https:\/\/minaguas.gob.ve\/index.php?rest_route=%2Fwp%2Fv2%2Fcomments&post=6211"}],"version-history":[{"count":0,"href":"https:\/\/minaguas.gob.ve\/index.php?rest_route=\/wp\/v2\/posts\/6211\/revisions"}],"wp:featuredmedia":[{"embeddable":true,"href":"https:\/\/minaguas.gob.ve\/index.php?rest_route=\/wp\/v2\/media\/6212"}],"wp:attachment":[{"href":"https:\/\/minaguas.gob.ve\/index.php?rest_route=%2Fwp%2Fv2%2Fmedia&parent=6211"}],"wp:term":[{"taxonomy":"category","embeddable":true,"href":"https:\/\/minaguas.gob.ve\/index.php?rest_route=%2Fwp%2Fv2%2Fcategories&post=6211"},{"taxonomy":"post_tag","embeddable":true,"href":"https:\/\/minaguas.gob.ve\/index.php?rest_route=%2Fwp%2Fv2%2Ftags&post=6211"}],"curies":[{"name":"wp","href":"https:\/\/api.w.org\/{rel}","templated":true}]}}