{"id":6000,"date":"2023-08-16T21:16:39","date_gmt":"2023-08-17T01:16:39","guid":{"rendered":"https:\/\/minaguas.gob.ve\/?p=6000"},"modified":"2023-08-16T21:16:39","modified_gmt":"2023-08-17T01:16:39","slug":"ministro-marco-torres-y-presidentes-de-hidrologicas-evaluan-acciones-para-la-proteccion-de-embalses","status":"publish","type":"post","link":"https:\/\/minaguas.gob.ve\/?p=6000","title":{"rendered":"Ministro Marco Torres y presidentes de hidrol\u00f3gicas eval\u00faan acciones para la protecci\u00f3n de embalses"},"content":{"rendered":"<div class=\"wp-block-image\">\n<figure class=\"aligncenter size-full\"><img loading=\"lazy\" decoding=\"async\" width=\"1280\" height=\"720\" src=\"https:\/\/minaguas.gob.ve\/wp-content\/uploads\/2023\/08\/IMG_20230816_211007_326.jpg\" alt=\"\" class=\"wp-image-6001\" \/><\/figure>\n<\/div>\n\n\n<p><strong>(Prensa MinAguas 16-08-2023).- <\/strong>El ministro del Poder Popular de Atenci\u00f3n de las Aguas, G\/D Rodolfo Marco Torres realiz\u00f3 una videoconferencia con los presidentes de las hidrol\u00f3gicas del pa\u00eds, para darle seguimiento al plan especial de acciones en el manejo de las fuentes h\u00eddricas, en respuesta al fen\u00f3meno El Ni\u00f1o.<\/p>\n\n\n\n<p>El titular de la cartera de Aguas resalt\u00f3 la importancia de cuidar, mantener y controlar las diferentes fuentes h\u00eddricas.<\/p>\n\n\n\n<p>\u00abDebemos estar pendientes del mantenimiento agroecol\u00f3gico de cada uno de nuestros embalses, del uso de la fuente, de la extracci\u00f3n segura, la cobertura de los equipos, el control de la cota, para garantizar el abastecimiento a nuestro pueblo. Son 94 embalses que tiene Venezuela y nosotros debemos ser vigilantes\u00bb, precis\u00f3 Marco Torres.<\/p>\n\n\n\n<p>Asimismo, indic\u00f3 que contin\u00faa el plan S\u00e1bado de Embalses que vienen realizando de manera simult\u00e1nea las 17 hidrol\u00f3gicas.Adem\u00e1s, explic\u00f3 que estas medidas son ejecutadas para prevenir los efectos del fen\u00f3meno El Ni\u00f1o.<\/p>\n\n\n\n<p>\u00abEn el mes de diciembre comienza el per\u00edodo de sequ\u00eda y nosotros debemos garantizar el vital l\u00edquido hasta el nuevo per\u00edodo de lluvia que ser\u00e1 en mayo del a\u00f1o 2024\u00bb.<\/p>\n\n\n\n<p>Finalmente, el ministro se\u00f1al\u00f3 que MinAguas trabaja de forma articulada con el Instituto Nacional de Meteorolog\u00eda e Hidrolog\u00eda (Inameh) monitoreando y evaluando las condiciones meteorol\u00f3gicas, a fin de brindarle bienestar a la poblaci\u00f3n como lo ha instruido el presidente Nicol\u00e1s Maduro.<\/p>\n\n\n\n<figure class=\"wp-block-gallery has-nested-images columns-default is-cropped wp-block-gallery-1 is-layout-flex wp-block-gallery-is-layout-flex\">\n<figure class=\"wp-block-image size-large\"><img loading=\"lazy\" decoding=\"async\" width=\"1280\" height=\"720\" data-id=\"6003\" src=\"https:\/\/minaguas.gob.ve\/wp-content\/uploads\/2023\/08\/IMG_20230816_211009_935.jpg\" alt=\"\" class=\"wp-image-6003\" \/><\/figure>\n\n\n\n<figure class=\"wp-block-image size-large\"><img loading=\"lazy\" decoding=\"async\" width=\"1280\" height=\"720\" data-id=\"6002\" src=\"https:\/\/minaguas.gob.ve\/wp-content\/uploads\/2023\/08\/IMG_20230816_211004_215.jpg\" alt=\"\" class=\"wp-image-6002\" \/><\/figure>\n<\/figure>\n","protected":false},"excerpt":{"rendered":"<p>(Prensa MinAguas 16-08-2023).- El ministro del Poder Popular de Atenci\u00f3n de las Aguas, G\/D Rodolfo Marco Torres realiz\u00f3 una videoconferencia con los presidentes de las hidrol\u00f3gicas del pa\u00eds, para darle seguimiento al plan especial de acciones en el manejo de las fuentes h\u00eddricas, en respuesta al fen\u00f3meno El Ni\u00f1o. El titular de la cartera de [&hellip;]<\/p>\n","protected":false},"author":28,"featured_media":6004,"comment_status":"open","ping_status":"open","sticky":false,"template":"","format":"standard","meta":{"footnotes":""},"categories":[1],"tags":[42,86,8],"class_list":["post-6000","post","type-post","status-publish","format-standard","has-post-thumbnail","hentry","category-noticias","tag-agua-potable","tag-embalses","tag-nacionales"],"_links":{"self":[{"href":"https:\/\/minaguas.gob.ve\/index.php?rest_route=\/wp\/v2\/posts\/6000","targetHints":{"allow":["GET"]}}],"collection":[{"href":"https:\/\/minaguas.gob.ve\/index.php?rest_route=\/wp\/v2\/posts"}],"about":[{"href":"https:\/\/minaguas.gob.ve\/index.php?rest_route=\/wp\/v2\/types\/post"}],"author":[{"embeddable":true,"href":"https:\/\/minaguas.gob.ve\/index.php?rest_route=\/wp\/v2\/users\/28"}],"replies":[{"embeddable":true,"href":"https:\/\/minaguas.gob.ve\/index.php?rest_route=%2Fwp%2Fv2%2Fcomments&post=6000"}],"version-history":[{"count":0,"href":"https:\/\/minaguas.gob.ve\/index.php?rest_route=\/wp\/v2\/posts\/6000\/revisions"}],"wp:featuredmedia":[{"embeddable":true,"href":"https:\/\/minaguas.gob.ve\/index.php?rest_route=\/wp\/v2\/media\/6004"}],"wp:attachment":[{"href":"https:\/\/minaguas.gob.ve\/index.php?rest_route=%2Fwp%2Fv2%2Fmedia&parent=6000"}],"wp:term":[{"taxonomy":"category","embeddable":true,"href":"https:\/\/minaguas.gob.ve\/index.php?rest_route=%2Fwp%2Fv2%2Fcategories&post=6000"},{"taxonomy":"post_tag","embeddable":true,"href":"https:\/\/minaguas.gob.ve\/index.php?rest_route=%2Fwp%2Fv2%2Ftags&post=6000"}],"curies":[{"name":"wp","href":"https:\/\/api.w.org\/{rel}","templated":true}]}}