{"id":5954,"date":"2023-08-05T11:17:10","date_gmt":"2023-08-05T15:17:10","guid":{"rendered":"https:\/\/minaguas.gob.ve\/?p=5954"},"modified":"2023-08-05T11:17:10","modified_gmt":"2023-08-05T15:17:10","slug":"aguas-de-yaracuy-activo-pozo-en-el-municipio-nirgua","status":"publish","type":"post","link":"https:\/\/minaguas.gob.ve\/?p=5954","title":{"rendered":"Aguas de Yaracuy activ\u00f3 pozo en el municipio Nirgua"},"content":{"rendered":"<div class=\"wp-block-image\">\n<figure class=\"aligncenter size-large\"><img loading=\"lazy\" decoding=\"async\" width=\"1024\" height=\"576\" src=\"https:\/\/minaguas.gob.ve\/wp-content\/uploads\/2023\/08\/WhatsApp-Image-2023-08-04-at-3.24.39-PM-1-1024x576.jpeg\" alt=\"\" class=\"wp-image-5955\" srcset=\"https:\/\/minaguas.gob.ve\/wp-content\/uploads\/2023\/08\/WhatsApp-Image-2023-08-04-at-3.24.39-PM-1-1024x576.jpeg 1024w, https:\/\/minaguas.gob.ve\/wp-content\/uploads\/2023\/08\/WhatsApp-Image-2023-08-04-at-3.24.39-PM-1-300x169.jpeg 300w, https:\/\/minaguas.gob.ve\/wp-content\/uploads\/2023\/08\/WhatsApp-Image-2023-08-04-at-3.24.39-PM-1-768x432.jpeg 768w, https:\/\/minaguas.gob.ve\/wp-content\/uploads\/2023\/08\/WhatsApp-Image-2023-08-04-at-3.24.39-PM-1.jpeg 1080w\" sizes=\"auto, (max-width: 1024px) 100vw, 1024px\" \/><\/figure>\n<\/div>\n\n\n<p><\/p>\n\n\n\n<p><strong>(Prensa MinAguas\/Aguas de Yaracuy 05-08-2023).- <\/strong>A fin de garantizar la operatividad de la infraestructura h\u00eddrica en la entidad yaracuyana, trabajadores de Aguas de Yaracuy favorecen a m\u00e1s de 2.700 habitantes del municipio Nirgua, con la puesta en marcha del pozo sumergible Panchito, tras instalar motor y bomba de 15hp.<\/p>\n\n\n\n<p>Juan Luis Vel\u00e1squez, presidente de la hidrol\u00f3gica precis\u00f3 que, recientemente fueron puestos en funcionamiento los pozos La Guardia, Mercado y Curaguire en los municipios Bol\u00edvar y San Felipe respectivamente, recuperando un caudal de 32 litros por segundo; resalt\u00f3 que la puesta en marcha de las fuentes subterr\u00e1neas ha sido posible a la gesti\u00f3n del ministro G\/D Rodolfo Marco Torres y el Gobernador Julio Le\u00f3n, quienes mensualmente dotan de equipos sumergibles a la entidad.<\/p>\n\n\n\n<figure class=\"wp-block-gallery has-nested-images columns-default is-cropped wp-block-gallery-1 is-layout-flex wp-block-gallery-is-layout-flex\">\n<figure class=\"wp-block-image size-large\"><img loading=\"lazy\" decoding=\"async\" width=\"1024\" height=\"576\" data-id=\"5956\" src=\"https:\/\/minaguas.gob.ve\/wp-content\/uploads\/2023\/08\/WhatsApp-Image-2023-08-04-at-3.24.39-PM-1024x576.jpeg\" alt=\"\" class=\"wp-image-5956\" srcset=\"https:\/\/minaguas.gob.ve\/wp-content\/uploads\/2023\/08\/WhatsApp-Image-2023-08-04-at-3.24.39-PM-1024x576.jpeg 1024w, https:\/\/minaguas.gob.ve\/wp-content\/uploads\/2023\/08\/WhatsApp-Image-2023-08-04-at-3.24.39-PM-300x169.jpeg 300w, https:\/\/minaguas.gob.ve\/wp-content\/uploads\/2023\/08\/WhatsApp-Image-2023-08-04-at-3.24.39-PM-768x432.jpeg 768w, https:\/\/minaguas.gob.ve\/wp-content\/uploads\/2023\/08\/WhatsApp-Image-2023-08-04-at-3.24.39-PM.jpeg 1080w\" sizes=\"auto, (max-width: 1024px) 100vw, 1024px\" \/><\/figure>\n\n\n\n<figure class=\"wp-block-image size-large\"><img loading=\"lazy\" decoding=\"async\" width=\"1024\" height=\"768\" data-id=\"5957\" src=\"https:\/\/minaguas.gob.ve\/wp-content\/uploads\/2023\/08\/WhatsApp-Image-2023-08-04-at-3.24.39-PM-2.jpeg\" alt=\"\" class=\"wp-image-5957\" srcset=\"https:\/\/minaguas.gob.ve\/wp-content\/uploads\/2023\/08\/WhatsApp-Image-2023-08-04-at-3.24.39-PM-2.jpeg 1024w, https:\/\/minaguas.gob.ve\/wp-content\/uploads\/2023\/08\/WhatsApp-Image-2023-08-04-at-3.24.39-PM-2-300x225.jpeg 300w, https:\/\/minaguas.gob.ve\/wp-content\/uploads\/2023\/08\/WhatsApp-Image-2023-08-04-at-3.24.39-PM-2-768x576.jpeg 768w\" sizes=\"auto, (max-width: 1024px) 100vw, 1024px\" \/><\/figure>\n<\/figure>\n\n\n\n<p>Asimismo, se\u00f1al\u00f3 que enmarcado en el Mapa de Soluciones y la Agenda Concreta de Acci\u00f3n del Poder Popular, de manera progresiva se rehabilitar\u00e1n pozos en diferentes comunidades del estado, gracias a la acci\u00f3n efectiva del presidente Nicol\u00e1s Maduro.<\/p>\n\n\n\n<p>En otro orden de ideas, Vel\u00e1squez mencion\u00f3 que durante la parada realizada el fin de semana en la Planta Potabilizadora Yurub\u00ed, ubicada en la jurisdicci\u00f3n de San Felipe, se repar\u00f3 la obstrucci\u00f3n en la tuber\u00eda de 24\u201d, ubicada en la redoma del Indo Yara con avenida Yaracuy, para beneficiar a m\u00e1s de 240 mil habitantes de los municipios del \u00e1rea metropolitana.<\/p>\n\n\n\n<p><\/p>\n","protected":false},"excerpt":{"rendered":"<p>(Prensa MinAguas\/Aguas de Yaracuy 05-08-2023).- A fin de garantizar la operatividad de la infraestructura h\u00eddrica en la entidad yaracuyana, trabajadores de Aguas de Yaracuy favorecen a m\u00e1s de 2.700 habitantes del municipio Nirgua, con la puesta en marcha del pozo sumergible Panchito, tras instalar motor y bomba de 15hp. Juan Luis Vel\u00e1squez, presidente de la [&hellip;]<\/p>\n","protected":false},"author":28,"featured_media":5955,"comment_status":"open","ping_status":"open","sticky":false,"template":"","format":"standard","meta":{"footnotes":""},"categories":[1],"tags":[52,31,24,45],"class_list":["post-5954","post","type-post","status-publish","format-standard","has-post-thumbnail","hentry","category-noticias","tag-aguas-de-yaracuy","tag-pozos-profundos","tag-pueblo-trabajador-del-agua","tag-regionales"],"_links":{"self":[{"href":"https:\/\/minaguas.gob.ve\/index.php?rest_route=\/wp\/v2\/posts\/5954","targetHints":{"allow":["GET"]}}],"collection":[{"href":"https:\/\/minaguas.gob.ve\/index.php?rest_route=\/wp\/v2\/posts"}],"about":[{"href":"https:\/\/minaguas.gob.ve\/index.php?rest_route=\/wp\/v2\/types\/post"}],"author":[{"embeddable":true,"href":"https:\/\/minaguas.gob.ve\/index.php?rest_route=\/wp\/v2\/users\/28"}],"replies":[{"embeddable":true,"href":"https:\/\/minaguas.gob.ve\/index.php?rest_route=%2Fwp%2Fv2%2Fcomments&post=5954"}],"version-history":[{"count":0,"href":"https:\/\/minaguas.gob.ve\/index.php?rest_route=\/wp\/v2\/posts\/5954\/revisions"}],"wp:featuredmedia":[{"embeddable":true,"href":"https:\/\/minaguas.gob.ve\/index.php?rest_route=\/wp\/v2\/media\/5955"}],"wp:attachment":[{"href":"https:\/\/minaguas.gob.ve\/index.php?rest_route=%2Fwp%2Fv2%2Fmedia&parent=5954"}],"wp:term":[{"taxonomy":"category","embeddable":true,"href":"https:\/\/minaguas.gob.ve\/index.php?rest_route=%2Fwp%2Fv2%2Fcategories&post=5954"},{"taxonomy":"post_tag","embeddable":true,"href":"https:\/\/minaguas.gob.ve\/index.php?rest_route=%2Fwp%2Fv2%2Ftags&post=5954"}],"curies":[{"name":"wp","href":"https:\/\/api.w.org\/{rel}","templated":true}]}}