{"id":5938,"date":"2023-08-03T20:21:38","date_gmt":"2023-08-04T00:21:38","guid":{"rendered":"https:\/\/minaguas.gob.ve\/?p=5938"},"modified":"2023-08-03T20:21:38","modified_gmt":"2023-08-04T00:21:38","slug":"ministro-marco-torres-anuncio-recuperacion-de-plantas-de-tratamiento-de-aguas-servidas-en-el-zulia","status":"publish","type":"post","link":"https:\/\/minaguas.gob.ve\/?p=5938","title":{"rendered":"Ministro Marco Torres anunci\u00f3 recuperaci\u00f3n de plantas de tratamiento de aguas servidas en el Zulia"},"content":{"rendered":"\n<p><\/p>\n\n\n<div class=\"wp-block-image\">\n<figure class=\"aligncenter size-large is-resized\"><img loading=\"lazy\" decoding=\"async\" src=\"https:\/\/minaguas.gob.ve\/wp-content\/uploads\/2023\/08\/IMG_20230803_201635_426-1024x682.jpg\" alt=\"\" class=\"wp-image-5939\" width=\"368\" height=\"245\" srcset=\"https:\/\/minaguas.gob.ve\/wp-content\/uploads\/2023\/08\/IMG_20230803_201635_426-1024x682.jpg 1024w, https:\/\/minaguas.gob.ve\/wp-content\/uploads\/2023\/08\/IMG_20230803_201635_426-300x200.jpg 300w, https:\/\/minaguas.gob.ve\/wp-content\/uploads\/2023\/08\/IMG_20230803_201635_426-768x512.jpg 768w, https:\/\/minaguas.gob.ve\/wp-content\/uploads\/2023\/08\/IMG_20230803_201635_426.jpg 1280w\" sizes=\"auto, (max-width: 368px) 100vw, 368px\" \/><\/figure>\n<\/div>\n\n\n<p>(Prensa MinAguas 03-08-2023).- Por segundo d\u00eda consecutivo, la comisi\u00f3n presidencial para la conservaci\u00f3n de la cuenca del lago de Maracaibo llev\u00f3 a cabo la plenaria para dar por concluido el primer encuentro t\u00e9cnico cient\u00edfico popular para el rescate, conservaci\u00f3n y desarrollo sostenible del Lago de Maracaibo instruido por el presidente Nicol\u00e1s Maduro, durante el acto de conmemoraci\u00f3n de la Batalla Naval del Lago. En este sentido, el ministro del Poder Popular de Atenci\u00f3n a las Aguas, Rodolfo Marco Torres inform\u00f3 sobre el plan de recuperaci\u00f3n de 27 plantas de tratamiento de aguas servidas.<\/p>\n\n\n\n<p>Una vez analizadas las causas de las problem\u00e1ticas que afectan al lago por m\u00e1s de 350 expertos, cient\u00edficos e investigadores, el titular de la cartera de Aguas anunci\u00f3 que en materia h\u00eddrica se implementar\u00e1 un plan de recuperaci\u00f3n integral de 27 plantas de aguas servidas, con la prioridad de abordar 11 de ellas en primera parte, lo que va a evitar la descarga de las aguas residuales en el lago.<\/p>\n\n\n\n<p>En el documento que plantea las l\u00edneas de acci\u00f3n de la mesa de trabajo que discuti\u00f3 el tema \u00abEmisiones y efluentes\u00bb, se detalla el proyecto a ejecutar:<\/p>\n\n\n\n<p>&#8211; Recuperar los sistemas de tratamiento de aguas servidas dom\u00e9sticas del estado Zulia, iniciando por Maracaibo-sur, Cabimas, Ciudad Ojeda y Reutilizaci\u00f3n aguas servidas (RAS), por la magnitud de esas instalaciones y el tratamiento de los grandes caudales de las aguas residuales, pero brindando atenci\u00f3n a todas las redes de tratamiento en la regi\u00f3n.<\/p>\n\n\n\n<p>Asimismo, el Ministro indic\u00f3 que una vez rehabilitadas las estructuras h\u00eddricas, en trabajo articulado con las alcald\u00edas, se debe ejecutar de manera permanente el mantenimiento y limpieza de los equipos, adem\u00e1s de garantizar su resguardo y seguridad.<\/p>\n\n\n\n<p>Adem\u00e1s, durante una mesa de trabajo que sostuvieron los ministros y responsables de los entes gubernamentales con los 21 alcaldes de la entidad zuliana, Marco Torres asegur\u00f3 que \u00abse trataron diversos puntos en cuanto a colectores, pozos de agua potable y todo lo que son los sistemas de abastecimiento para avanzar con las mejoras del servicio\u00bb<\/p>\n\n\n\n<p>Por otra parte, el vicepresidente sectorial N\u00e9stor Reverol, destac\u00f3 el \u00abimpacto positivo para los zulianos, ya que este es el inicio de muchos encuentros para desarrollar el debate sobre el lago de Maracaibo y unir esfuerzos sin distinci\u00f3n pol\u00edtica\u00bb<\/p>\n\n\n\n\n\n<p>Finalmente, las autoridades clausuraron el evento que tuvo lugar en el municipio Maracaibo, los d\u00edas 2 y 3 de agosto, donde se recolectaron datos e informaci\u00f3n de gran importancia para los planes de acci\u00f3n que se llevar\u00e1n a cabo con el fin de cumplir los objetivos planteados por el Presidente de la Rep\u00fablica.<\/p>\n\n\n\n<figure class=\"wp-block-gallery has-nested-images columns-default is-cropped wp-block-gallery-1 is-layout-flex wp-block-gallery-is-layout-flex\">\n<figure class=\"wp-block-image size-large\"><img loading=\"lazy\" decoding=\"async\" width=\"1024\" height=\"682\" data-id=\"5940\" src=\"https:\/\/minaguas.gob.ve\/wp-content\/uploads\/2023\/08\/IMG_20230803_201635_390-1024x682.jpg\" alt=\"\" class=\"wp-image-5940\" srcset=\"https:\/\/minaguas.gob.ve\/wp-content\/uploads\/2023\/08\/IMG_20230803_201635_390-1024x682.jpg 1024w, https:\/\/minaguas.gob.ve\/wp-content\/uploads\/2023\/08\/IMG_20230803_201635_390-300x200.jpg 300w, https:\/\/minaguas.gob.ve\/wp-content\/uploads\/2023\/08\/IMG_20230803_201635_390-768x512.jpg 768w, https:\/\/minaguas.gob.ve\/wp-content\/uploads\/2023\/08\/IMG_20230803_201635_390.jpg 1280w\" sizes=\"auto, (max-width: 1024px) 100vw, 1024px\" \/><\/figure>\n\n\n\n<figure class=\"wp-block-image size-large\"><img loading=\"lazy\" decoding=\"async\" width=\"1024\" height=\"682\" data-id=\"5941\" src=\"https:\/\/minaguas.gob.ve\/wp-content\/uploads\/2023\/08\/IMG_20230803_201635_459-1024x682.jpg\" alt=\"\" class=\"wp-image-5941\" srcset=\"https:\/\/minaguas.gob.ve\/wp-content\/uploads\/2023\/08\/IMG_20230803_201635_459-1024x682.jpg 1024w, https:\/\/minaguas.gob.ve\/wp-content\/uploads\/2023\/08\/IMG_20230803_201635_459-300x200.jpg 300w, https:\/\/minaguas.gob.ve\/wp-content\/uploads\/2023\/08\/IMG_20230803_201635_459-768x512.jpg 768w, https:\/\/minaguas.gob.ve\/wp-content\/uploads\/2023\/08\/IMG_20230803_201635_459.jpg 1280w\" sizes=\"auto, (max-width: 1024px) 100vw, 1024px\" \/><\/figure>\n<\/figure>\n","protected":false},"excerpt":{"rendered":"<p>(Prensa MinAguas 03-08-2023).- Por segundo d\u00eda consecutivo, la comisi\u00f3n presidencial para la conservaci\u00f3n de la cuenca del lago de Maracaibo llev\u00f3 a cabo la plenaria para dar por concluido el primer encuentro t\u00e9cnico cient\u00edfico popular para el rescate, conservaci\u00f3n y desarrollo sostenible del Lago de Maracaibo instruido por el presidente Nicol\u00e1s Maduro, durante el acto [&hellip;]<\/p>\n","protected":false},"author":28,"featured_media":5939,"comment_status":"open","ping_status":"open","sticky":false,"template":"","format":"standard","meta":{"footnotes":""},"categories":[1],"tags":[8],"class_list":["post-5938","post","type-post","status-publish","format-standard","has-post-thumbnail","hentry","category-noticias","tag-nacionales"],"_links":{"self":[{"href":"https:\/\/minaguas.gob.ve\/index.php?rest_route=\/wp\/v2\/posts\/5938","targetHints":{"allow":["GET"]}}],"collection":[{"href":"https:\/\/minaguas.gob.ve\/index.php?rest_route=\/wp\/v2\/posts"}],"about":[{"href":"https:\/\/minaguas.gob.ve\/index.php?rest_route=\/wp\/v2\/types\/post"}],"author":[{"embeddable":true,"href":"https:\/\/minaguas.gob.ve\/index.php?rest_route=\/wp\/v2\/users\/28"}],"replies":[{"embeddable":true,"href":"https:\/\/minaguas.gob.ve\/index.php?rest_route=%2Fwp%2Fv2%2Fcomments&post=5938"}],"version-history":[{"count":0,"href":"https:\/\/minaguas.gob.ve\/index.php?rest_route=\/wp\/v2\/posts\/5938\/revisions"}],"wp:featuredmedia":[{"embeddable":true,"href":"https:\/\/minaguas.gob.ve\/index.php?rest_route=\/wp\/v2\/media\/5939"}],"wp:attachment":[{"href":"https:\/\/minaguas.gob.ve\/index.php?rest_route=%2Fwp%2Fv2%2Fmedia&parent=5938"}],"wp:term":[{"taxonomy":"category","embeddable":true,"href":"https:\/\/minaguas.gob.ve\/index.php?rest_route=%2Fwp%2Fv2%2Fcategories&post=5938"},{"taxonomy":"post_tag","embeddable":true,"href":"https:\/\/minaguas.gob.ve\/index.php?rest_route=%2Fwp%2Fv2%2Ftags&post=5938"}],"curies":[{"name":"wp","href":"https:\/\/api.w.org\/{rel}","templated":true}]}}