{"id":5931,"date":"2023-08-03T14:50:48","date_gmt":"2023-08-03T18:50:48","guid":{"rendered":"https:\/\/minaguas.gob.ve\/?p=5931"},"modified":"2023-08-03T14:51:25","modified_gmt":"2023-08-03T18:51:25","slug":"aguas-de-yaracuy-reconstruyo-85-metros-lineales-de-colector-de-aguas-servidas-de-8-en-el-municipio-nirgua","status":"publish","type":"post","link":"https:\/\/minaguas.gob.ve\/?p=5931","title":{"rendered":"Aguas de Yaracuy reconstruy\u00f3 85 metros lineales de colector de 8\u201d en el municipio Nirgua"},"content":{"rendered":"<div class=\"wp-block-image\">\n<figure class=\"aligncenter size-large\"><img loading=\"lazy\" decoding=\"async\" width=\"1024\" height=\"770\" src=\"https:\/\/minaguas.gob.ve\/wp-content\/uploads\/2023\/08\/WhatsApp-Image-2023-08-02-at-6.43.51-PM-1024x770.jpeg\" alt=\"\" class=\"wp-image-5932\" srcset=\"https:\/\/minaguas.gob.ve\/wp-content\/uploads\/2023\/08\/WhatsApp-Image-2023-08-02-at-6.43.51-PM-1024x770.jpeg 1024w, https:\/\/minaguas.gob.ve\/wp-content\/uploads\/2023\/08\/WhatsApp-Image-2023-08-02-at-6.43.51-PM-300x226.jpeg 300w, https:\/\/minaguas.gob.ve\/wp-content\/uploads\/2023\/08\/WhatsApp-Image-2023-08-02-at-6.43.51-PM-768x577.jpeg 768w, https:\/\/minaguas.gob.ve\/wp-content\/uploads\/2023\/08\/WhatsApp-Image-2023-08-02-at-6.43.51-PM.jpeg 1080w\" sizes=\"auto, (max-width: 1024px) 100vw, 1024px\" \/><\/figure>\n<\/div>\n\n\n<p><\/p>\n\n\n\n<p><strong>(PrensaMinAguas\/Aguas de Yaracuy 03-08-2023).-<\/strong> El Gobierno Bolivariano a trav\u00e9s de la hidrol\u00f3gica regional Aguas de Yaracuy junto a la comunidad organizada del sector Los Pocitos del municipio Nirgua, culminaron la reconstrucci\u00f3n de 85 metros lineales de colector de aguas servidas de 8 pulgadas y 13 empotramientos domiciliarios en esta zona de la jurisdicci\u00f3n.<\/p>\n\n\n\n<p>Juan Luis Vel\u00e1squez, presidente del ente h\u00eddrico refiri\u00f3 que el Poder Popular es garante de la gesti\u00f3n participativa, protag\u00f3nica e integral del recurso h\u00eddrico, \u201cjunto al 1&#215;10 del Buen Gobierno, el Mapa de Soluciones y la Agenda Concreta de Acci\u00f3n se crean estrategias para la transformaci\u00f3n revolucionaria de los problemas de las comunidades, un claro ejemplo del trabajo en conjunto entre el pueblo organizado y la hidrol\u00f3gica, para llevar a feliz t\u00e9rmino las metas trazadas en materia de agua potable y saneamiento\u201d.<\/p>\n\n\n\n<p>Por su parte, Mar\u00eda Eugenia Rodr\u00edguez, habitante del sector mostr\u00f3 su agradecimiento por los trabajos realizados, los cuales benefician a 13 familias de la localidad \u201cs\u00faper agradecida con la aplicaci\u00f3n VenApp por ser una herramienta que empodera al pueblo\u201d.<\/p>\n\n\n\n<p>Luis Betancourt, jefe de UBCH del sector El Liceo, agradeci\u00f3 al presidente Nicol\u00e1s Maduro por hacer realidad el sue\u00f1o que se cristaliza en la comunidad.<\/p>\n\n\n\n<figure class=\"wp-block-gallery has-nested-images columns-default is-cropped wp-block-gallery-1 is-layout-flex wp-block-gallery-is-layout-flex\">\n<figure class=\"wp-block-image size-large\"><img loading=\"lazy\" decoding=\"async\" width=\"1024\" height=\"770\" data-id=\"5934\" src=\"https:\/\/minaguas.gob.ve\/wp-content\/uploads\/2023\/08\/WhatsApp-Image-2023-08-02-at-6.43.52-PM-1-1024x770.jpeg\" alt=\"\" class=\"wp-image-5934\" srcset=\"https:\/\/minaguas.gob.ve\/wp-content\/uploads\/2023\/08\/WhatsApp-Image-2023-08-02-at-6.43.52-PM-1-1024x770.jpeg 1024w, https:\/\/minaguas.gob.ve\/wp-content\/uploads\/2023\/08\/WhatsApp-Image-2023-08-02-at-6.43.52-PM-1-300x226.jpeg 300w, https:\/\/minaguas.gob.ve\/wp-content\/uploads\/2023\/08\/WhatsApp-Image-2023-08-02-at-6.43.52-PM-1-768x577.jpeg 768w, https:\/\/minaguas.gob.ve\/wp-content\/uploads\/2023\/08\/WhatsApp-Image-2023-08-02-at-6.43.52-PM-1.jpeg 1080w\" sizes=\"auto, (max-width: 1024px) 100vw, 1024px\" \/><\/figure>\n\n\n\n<figure class=\"wp-block-image size-large\"><img loading=\"lazy\" decoding=\"async\" width=\"1024\" height=\"770\" data-id=\"5935\" src=\"https:\/\/minaguas.gob.ve\/wp-content\/uploads\/2023\/08\/WhatsApp-Image-2023-08-02-at-6.43.51-PM-1-1024x770.jpeg\" alt=\"\" class=\"wp-image-5935\" srcset=\"https:\/\/minaguas.gob.ve\/wp-content\/uploads\/2023\/08\/WhatsApp-Image-2023-08-02-at-6.43.51-PM-1-1024x770.jpeg 1024w, https:\/\/minaguas.gob.ve\/wp-content\/uploads\/2023\/08\/WhatsApp-Image-2023-08-02-at-6.43.51-PM-1-300x226.jpeg 300w, https:\/\/minaguas.gob.ve\/wp-content\/uploads\/2023\/08\/WhatsApp-Image-2023-08-02-at-6.43.51-PM-1-768x577.jpeg 768w, https:\/\/minaguas.gob.ve\/wp-content\/uploads\/2023\/08\/WhatsApp-Image-2023-08-02-at-6.43.51-PM-1.jpeg 1080w\" sizes=\"auto, (max-width: 1024px) 100vw, 1024px\" \/><\/figure>\n<\/figure>\n","protected":false},"excerpt":{"rendered":"<p>(PrensaMinAguas\/Aguas de Yaracuy 03-08-2023).- El Gobierno Bolivariano a trav\u00e9s de la hidrol\u00f3gica regional Aguas de Yaracuy junto a la comunidad organizada del sector Los Pocitos del municipio Nirgua, culminaron la reconstrucci\u00f3n de 85 metros lineales de colector de aguas servidas de 8 pulgadas y 13 empotramientos domiciliarios en esta zona de la jurisdicci\u00f3n. Juan Luis [&hellip;]<\/p>\n","protected":false},"author":28,"featured_media":5932,"comment_status":"open","ping_status":"open","sticky":false,"template":"","format":"standard","meta":{"footnotes":""},"categories":[1],"tags":[52,71,45],"class_list":["post-5931","post","type-post","status-publish","format-standard","has-post-thumbnail","hentry","category-noticias","tag-aguas-de-yaracuy","tag-colector","tag-regionales"],"_links":{"self":[{"href":"https:\/\/minaguas.gob.ve\/index.php?rest_route=\/wp\/v2\/posts\/5931","targetHints":{"allow":["GET"]}}],"collection":[{"href":"https:\/\/minaguas.gob.ve\/index.php?rest_route=\/wp\/v2\/posts"}],"about":[{"href":"https:\/\/minaguas.gob.ve\/index.php?rest_route=\/wp\/v2\/types\/post"}],"author":[{"embeddable":true,"href":"https:\/\/minaguas.gob.ve\/index.php?rest_route=\/wp\/v2\/users\/28"}],"replies":[{"embeddable":true,"href":"https:\/\/minaguas.gob.ve\/index.php?rest_route=%2Fwp%2Fv2%2Fcomments&post=5931"}],"version-history":[{"count":0,"href":"https:\/\/minaguas.gob.ve\/index.php?rest_route=\/wp\/v2\/posts\/5931\/revisions"}],"wp:featuredmedia":[{"embeddable":true,"href":"https:\/\/minaguas.gob.ve\/index.php?rest_route=\/wp\/v2\/media\/5932"}],"wp:attachment":[{"href":"https:\/\/minaguas.gob.ve\/index.php?rest_route=%2Fwp%2Fv2%2Fmedia&parent=5931"}],"wp:term":[{"taxonomy":"category","embeddable":true,"href":"https:\/\/minaguas.gob.ve\/index.php?rest_route=%2Fwp%2Fv2%2Fcategories&post=5931"},{"taxonomy":"post_tag","embeddable":true,"href":"https:\/\/minaguas.gob.ve\/index.php?rest_route=%2Fwp%2Fv2%2Ftags&post=5931"}],"curies":[{"name":"wp","href":"https:\/\/api.w.org\/{rel}","templated":true}]}}