{"id":5904,"date":"2023-07-29T08:10:58","date_gmt":"2023-07-29T12:10:58","guid":{"rendered":"https:\/\/minaguas.gob.ve\/?p=5904"},"modified":"2023-07-29T08:23:36","modified_gmt":"2023-07-29T12:23:36","slug":"ministro-marco-torres-anuncia-culminacion-de-obras-en-el-sistema-tuy-ii","status":"publish","type":"post","link":"https:\/\/minaguas.gob.ve\/?p=5904","title":{"rendered":"Ministro Marco Torres anuncia culminaci\u00f3n de obras en el sistema Tuy II"},"content":{"rendered":"\n<figure class=\"wp-block-image size-large\"><img loading=\"lazy\" decoding=\"async\" width=\"1024\" height=\"576\" src=\"https:\/\/minaguas.gob.ve\/wp-content\/uploads\/2023\/07\/IMG_20230729_082203_897-1024x576.jpg\" alt=\"\" class=\"wp-image-5908\" srcset=\"https:\/\/minaguas.gob.ve\/wp-content\/uploads\/2023\/07\/IMG_20230729_082203_897-1024x576.jpg 1024w, https:\/\/minaguas.gob.ve\/wp-content\/uploads\/2023\/07\/IMG_20230729_082203_897-300x169.jpg 300w, https:\/\/minaguas.gob.ve\/wp-content\/uploads\/2023\/07\/IMG_20230729_082203_897-768x432.jpg 768w, https:\/\/minaguas.gob.ve\/wp-content\/uploads\/2023\/07\/IMG_20230729_082203_897.jpg 1280w\" sizes=\"auto, (max-width: 1024px) 100vw, 1024px\" \/><\/figure>\n\n\n\n<p>Prensa Minaguas, 29.07.2023. &#8211; El ministro del Poder Popular de Atenci\u00f3n de las Aguas, Rodolfo Marco Torres, inform\u00f3 a trav\u00e9s de sus redes sociales que ya fue solventada la aver\u00eda presentada en el sistema Tuy II y que en las pr\u00f3ximas horas ser\u00e1 restablecido el suministro de agua potable.<\/p>\n\n\n\n<p>El titular de la cartera de aguas expres\u00f3 que \u201cluego de 6 d\u00edas continuos de dif\u00edcil trabajo, el equipo de Hidrocapital culmin\u00f3 las labores de reparaci\u00f3n de la tuber\u00eda de 72 pulgadas del sistema Tuy II, en este momento se realizan maniobras de reactivaci\u00f3n y en las pr\u00f3ximas horas las zonas afectadas comenzar\u00e1n a recibir el servicio\u201d.<\/p>\n\n\n\n<p>Marco Torres tambi\u00e9n manifest\u00f3 que la magnitud del desplazamiento de tierra ocasionado por las constantes lluvias gener\u00f3 un da\u00f1o importante en el tramo del Tuy II, ubicado en el sector La Raiza, municipio Independencia del estado Miranda, y que gracias a la atenci\u00f3n inmediata de la fuerza trabajadora de Hidrocapital a esta incidencia, se materializ\u00f3 la rehabilitaci\u00f3n de la falla. <\/p>\n\n\n\n<p>Asimismo, ratific\u00f3 que los sistemas Tuy I y Tuy III, que abastecen al 70 % de la poblaci\u00f3n de la Gran Caracas, se mantuvieron totalmente operativos durante las reparaciones del Tuy II.Por \u00faltimo, acompa\u00f1\u00f3 los mensajes con un video que da muestra del trabajo desempe\u00f1ado para lograr reactivar el servicio.<\/p>\n","protected":false},"excerpt":{"rendered":"<p>Prensa Minaguas, 29.07.2023. &#8211; El ministro del Poder Popular de Atenci\u00f3n de las Aguas, Rodolfo Marco Torres, inform\u00f3 a trav\u00e9s de sus redes sociales que ya fue solventada la aver\u00eda presentada en el sistema Tuy II y que en las pr\u00f3ximas horas ser\u00e1 restablecido el suministro de agua potable. El titular de la cartera de [&hellip;]<\/p>\n","protected":false},"author":28,"featured_media":5908,"comment_status":"open","ping_status":"open","sticky":false,"template":"","format":"standard","meta":{"footnotes":""},"categories":[1],"tags":[],"class_list":["post-5904","post","type-post","status-publish","format-standard","has-post-thumbnail","hentry","category-noticias"],"_links":{"self":[{"href":"https:\/\/minaguas.gob.ve\/index.php?rest_route=\/wp\/v2\/posts\/5904","targetHints":{"allow":["GET"]}}],"collection":[{"href":"https:\/\/minaguas.gob.ve\/index.php?rest_route=\/wp\/v2\/posts"}],"about":[{"href":"https:\/\/minaguas.gob.ve\/index.php?rest_route=\/wp\/v2\/types\/post"}],"author":[{"embeddable":true,"href":"https:\/\/minaguas.gob.ve\/index.php?rest_route=\/wp\/v2\/users\/28"}],"replies":[{"embeddable":true,"href":"https:\/\/minaguas.gob.ve\/index.php?rest_route=%2Fwp%2Fv2%2Fcomments&post=5904"}],"version-history":[{"count":0,"href":"https:\/\/minaguas.gob.ve\/index.php?rest_route=\/wp\/v2\/posts\/5904\/revisions"}],"wp:featuredmedia":[{"embeddable":true,"href":"https:\/\/minaguas.gob.ve\/index.php?rest_route=\/wp\/v2\/media\/5908"}],"wp:attachment":[{"href":"https:\/\/minaguas.gob.ve\/index.php?rest_route=%2Fwp%2Fv2%2Fmedia&parent=5904"}],"wp:term":[{"taxonomy":"category","embeddable":true,"href":"https:\/\/minaguas.gob.ve\/index.php?rest_route=%2Fwp%2Fv2%2Fcategories&post=5904"},{"taxonomy":"post_tag","embeddable":true,"href":"https:\/\/minaguas.gob.ve\/index.php?rest_route=%2Fwp%2Fv2%2Ftags&post=5904"}],"curies":[{"name":"wp","href":"https:\/\/api.w.org\/{rel}","templated":true}]}}