{"id":5874,"date":"2023-07-22T16:53:21","date_gmt":"2023-07-22T20:53:21","guid":{"rendered":"https:\/\/minaguas.gob.ve\/?p=5874"},"modified":"2023-07-22T16:55:33","modified_gmt":"2023-07-22T20:55:33","slug":"ministro-marco-torres-inspecciono-labores-de-reacondicionamiento-del-lago-los-tacarigua","status":"publish","type":"post","link":"https:\/\/minaguas.gob.ve\/?p=5874","title":{"rendered":"Ministro Marco Torres inspeccion\u00f3 labores de reacondicionamiento del lago Los Tacarigua"},"content":{"rendered":"<div class=\"wp-block-image\">\n<figure class=\"aligncenter size-large\"><img loading=\"lazy\" decoding=\"async\" width=\"1024\" height=\"576\" src=\"https:\/\/minaguas.gob.ve\/wp-content\/uploads\/2023\/07\/photo_5035030637328837476_w-1024x576.jpg\" alt=\"\" class=\"wp-image-5875\" srcset=\"https:\/\/minaguas.gob.ve\/wp-content\/uploads\/2023\/07\/photo_5035030637328837476_w-1024x576.jpg 1024w, https:\/\/minaguas.gob.ve\/wp-content\/uploads\/2023\/07\/photo_5035030637328837476_w-300x169.jpg 300w, https:\/\/minaguas.gob.ve\/wp-content\/uploads\/2023\/07\/photo_5035030637328837476_w-768x432.jpg 768w, https:\/\/minaguas.gob.ve\/wp-content\/uploads\/2023\/07\/photo_5035030637328837476_w-1536x864.jpg 1536w, https:\/\/minaguas.gob.ve\/wp-content\/uploads\/2023\/07\/photo_5035030637328837476_w-2048x1152.jpg 2048w\" sizes=\"auto, (max-width: 1024px) 100vw, 1024px\" \/><\/figure>\n<\/div>\n\n\n<p><\/p>\n\n\n\n<p><strong>(Prensa MinAguas 22-07-2023).-<\/strong> El ministro del Poder Popular de Atenci\u00f3n de las Aguas G\/D Rodolfo Marco Torres inspeccion\u00f3 los avances de reacondicionamiento que se realizan en el lago Los Tacarigua, espec\u00edficamente en el sector La Punta del municipio Girardot, estado Aragua.<\/p>\n\n\n\n<p>El titular de la cartera de Aguas inform\u00f3 que se han colocado 34 mil metros c\u00fabicos de material rocoso en el estribo derecho y estribo izquierdo del lago.<\/p>\n\n\n\n<p>Asimismo, se\u00f1al\u00f3 que se han compactado m\u00e1s de 1500 metros de terrapl\u00e9n en los sectores Madre Vieja y 13 de Enero, a fin de garantizar la seguridad de las comunidades ante las precipitaciones en el territorio nacional.<\/p>\n\n\n\n<p>Adem\u00e1s, destac\u00f3 el trabajo articulado entre MinAguas, Hidrocentro, la Unidad Territorial de Atenci\u00f3n de las Aguas del estado Aragua y la Fuerza Armada Nacional Bolivariana.<\/p>\n\n\n\n<p>Finalmente, Marco Torres mencion\u00f3 que estos trabajos se realizan desde el a\u00f1o 2022 , con el despliegue de m\u00e1s de 50 maquinarias y equipos.<\/p>\n\n\n\n<p>Est\u00e1s acciones se ejecutan en cumplimiento a lo establecido en la quinta l\u00ednea estrat\u00e9gica del 2023, establecida por el presidente Nicol\u00e1s Maduro para consolidar el Sistema H\u00eddrico Nacional.<\/p>\n\n\n\n<figure class=\"wp-block-gallery has-nested-images columns-default is-cropped wp-block-gallery-1 is-layout-flex wp-block-gallery-is-layout-flex\">\n<figure class=\"wp-block-image size-large\"><img loading=\"lazy\" decoding=\"async\" width=\"1024\" height=\"682\" data-id=\"5876\" src=\"https:\/\/minaguas.gob.ve\/wp-content\/uploads\/2023\/07\/photo_5035030637328837477_w-1024x682.jpg\" alt=\"\" class=\"wp-image-5876\" srcset=\"https:\/\/minaguas.gob.ve\/wp-content\/uploads\/2023\/07\/photo_5035030637328837477_w-1024x682.jpg 1024w, https:\/\/minaguas.gob.ve\/wp-content\/uploads\/2023\/07\/photo_5035030637328837477_w-300x200.jpg 300w, https:\/\/minaguas.gob.ve\/wp-content\/uploads\/2023\/07\/photo_5035030637328837477_w-768x512.jpg 768w, https:\/\/minaguas.gob.ve\/wp-content\/uploads\/2023\/07\/photo_5035030637328837477_w-1536x1024.jpg 1536w, https:\/\/minaguas.gob.ve\/wp-content\/uploads\/2023\/07\/photo_5035030637328837477_w-2048x1365.jpg 2048w\" sizes=\"auto, (max-width: 1024px) 100vw, 1024px\" \/><\/figure>\n\n\n\n<figure class=\"wp-block-image size-large\"><img loading=\"lazy\" decoding=\"async\" width=\"1024\" height=\"576\" data-id=\"5877\" src=\"https:\/\/minaguas.gob.ve\/wp-content\/uploads\/2023\/07\/photo_5035030637328837475_w-1024x576.jpg\" alt=\"\" class=\"wp-image-5877\" srcset=\"https:\/\/minaguas.gob.ve\/wp-content\/uploads\/2023\/07\/photo_5035030637328837475_w-1024x576.jpg 1024w, https:\/\/minaguas.gob.ve\/wp-content\/uploads\/2023\/07\/photo_5035030637328837475_w-300x169.jpg 300w, https:\/\/minaguas.gob.ve\/wp-content\/uploads\/2023\/07\/photo_5035030637328837475_w-768x432.jpg 768w, https:\/\/minaguas.gob.ve\/wp-content\/uploads\/2023\/07\/photo_5035030637328837475_w-1536x864.jpg 1536w, https:\/\/minaguas.gob.ve\/wp-content\/uploads\/2023\/07\/photo_5035030637328837475_w-2048x1152.jpg 2048w\" sizes=\"auto, (max-width: 1024px) 100vw, 1024px\" \/><\/figure>\n<\/figure>\n","protected":false},"excerpt":{"rendered":"<p>(Prensa MinAguas 22-07-2023).- El ministro del Poder Popular de Atenci\u00f3n de las Aguas G\/D Rodolfo Marco Torres inspeccion\u00f3 los avances de reacondicionamiento que se realizan en el lago Los Tacarigua, espec\u00edficamente en el sector La Punta del municipio Girardot, estado Aragua. El titular de la cartera de Aguas inform\u00f3 que se han colocado 34 mil [&hellip;]<\/p>\n","protected":false},"author":28,"featured_media":5875,"comment_status":"open","ping_status":"open","sticky":false,"template":"","format":"standard","meta":{"footnotes":""},"categories":[1],"tags":[39,68,81,24,45],"class_list":["post-5874","post","type-post","status-publish","format-standard","has-post-thumbnail","hentry","category-noticias","tag-aragua","tag-hidrocentro","tag-lago-los-tacarigua","tag-pueblo-trabajador-del-agua","tag-regionales"],"_links":{"self":[{"href":"https:\/\/minaguas.gob.ve\/index.php?rest_route=\/wp\/v2\/posts\/5874","targetHints":{"allow":["GET"]}}],"collection":[{"href":"https:\/\/minaguas.gob.ve\/index.php?rest_route=\/wp\/v2\/posts"}],"about":[{"href":"https:\/\/minaguas.gob.ve\/index.php?rest_route=\/wp\/v2\/types\/post"}],"author":[{"embeddable":true,"href":"https:\/\/minaguas.gob.ve\/index.php?rest_route=\/wp\/v2\/users\/28"}],"replies":[{"embeddable":true,"href":"https:\/\/minaguas.gob.ve\/index.php?rest_route=%2Fwp%2Fv2%2Fcomments&post=5874"}],"version-history":[{"count":0,"href":"https:\/\/minaguas.gob.ve\/index.php?rest_route=\/wp\/v2\/posts\/5874\/revisions"}],"wp:featuredmedia":[{"embeddable":true,"href":"https:\/\/minaguas.gob.ve\/index.php?rest_route=\/wp\/v2\/media\/5875"}],"wp:attachment":[{"href":"https:\/\/minaguas.gob.ve\/index.php?rest_route=%2Fwp%2Fv2%2Fmedia&parent=5874"}],"wp:term":[{"taxonomy":"category","embeddable":true,"href":"https:\/\/minaguas.gob.ve\/index.php?rest_route=%2Fwp%2Fv2%2Fcategories&post=5874"},{"taxonomy":"post_tag","embeddable":true,"href":"https:\/\/minaguas.gob.ve\/index.php?rest_route=%2Fwp%2Fv2%2Ftags&post=5874"}],"curies":[{"name":"wp","href":"https:\/\/api.w.org\/{rel}","templated":true}]}}