{"id":5846,"date":"2023-07-14T15:55:26","date_gmt":"2023-07-14T19:55:26","guid":{"rendered":"https:\/\/minaguas.gob.ve\/?p=5846"},"modified":"2023-07-14T15:55:26","modified_gmt":"2023-07-14T19:55:26","slug":"hidrobolivar-avanzo-en-reparaciones-de-fugas-reportadas-a-traves-1x10-del-buen-gobierno","status":"publish","type":"post","link":"https:\/\/minaguas.gob.ve\/?p=5846","title":{"rendered":"Hidrobol\u00edvar avanz\u00f3 en reparaciones de fugas reportadas a trav\u00e9s 1&#215;10 del Buen Gobierno"},"content":{"rendered":"<div class=\"wp-block-image\">\n<figure class=\"aligncenter size-large\"><img loading=\"lazy\" decoding=\"async\" width=\"863\" height=\"1024\" src=\"https:\/\/minaguas.gob.ve\/wp-content\/uploads\/2023\/07\/WhatsApp-Image-2023-07-14-at-3.53.29-PM-863x1024.jpeg\" alt=\"\" class=\"wp-image-5847\" srcset=\"https:\/\/minaguas.gob.ve\/wp-content\/uploads\/2023\/07\/WhatsApp-Image-2023-07-14-at-3.53.29-PM-863x1024.jpeg 863w, https:\/\/minaguas.gob.ve\/wp-content\/uploads\/2023\/07\/WhatsApp-Image-2023-07-14-at-3.53.29-PM-253x300.jpeg 253w, https:\/\/minaguas.gob.ve\/wp-content\/uploads\/2023\/07\/WhatsApp-Image-2023-07-14-at-3.53.29-PM-768x911.jpeg 768w, https:\/\/minaguas.gob.ve\/wp-content\/uploads\/2023\/07\/WhatsApp-Image-2023-07-14-at-3.53.29-PM.jpeg 900w\" sizes=\"auto, (max-width: 863px) 100vw, 863px\" \/><\/figure>\n<\/div>\n\n\n<p><\/p>\n\n\n\n<p><strong>(Prensa MinAguas\/Hidrobolivar 14-07-2023).-<\/strong> La fuerza trabajadora de Hidrobolivar atendi\u00f3 aver\u00edas y fugas de agua potable reportadas por el Poder Popular a trav\u00e9s de la L\u00ednea 58 de la aplicaci\u00f3n VenApp en diferentes comunidades de la entidad.<\/p>\n\n\n\n<p>El presidente de la hidrol\u00f3gica, Ing. Daniel Valenzuela expres\u00f3: \u00abNos encontramos enfocados en brindar bienestar social a la poblaci\u00f3n y para ello cada d\u00eda los trabajadores del agua salen a las calles a solventar las aver\u00edas y fugas\u00bb.<\/p>\n\n\n\n<p>En ese sentido, inform\u00f3 que se han corregido 22 fugas menores en tuber\u00edas domiciliarias de las parroquias Sabanita, Catedral, Agua Salada, Marhuanta y Vista Hermosa del municipio Angostura del Orinoco. Adem\u00e1s, 3 reparaciones mayores en aducciones principales de 4, 16 y 20 pulgadas.<\/p>\n\n\n\n<p>Adem\u00e1s, en Ciudad Bol\u00edvar se ha realizado la sustituci\u00f3n de mangueras, adaptadores, juntas PEAD de diferentes di\u00e1metros y soldadura lineal para reincorporar m\u00e1s de 60 litros por segundo, en beneficio de m\u00e1s de mil familias de esta localidad.<\/p>\n\n\n\n<p>De esta manera, se cumplen las instrucciones del presidente de la Rep\u00fablica, Nicol\u00e1s Maduro Moros de garantizar de manera efectiva la distribuci\u00f3n de agua potable a la poblaci\u00f3n.<\/p>\n","protected":false},"excerpt":{"rendered":"<p>(Prensa MinAguas\/Hidrobolivar 14-07-2023).- La fuerza trabajadora de Hidrobolivar atendi\u00f3 aver\u00edas y fugas de agua potable reportadas por el Poder Popular a trav\u00e9s de la L\u00ednea 58 de la aplicaci\u00f3n VenApp en diferentes comunidades de la entidad. El presidente de la hidrol\u00f3gica, Ing. Daniel Valenzuela expres\u00f3: \u00abNos encontramos enfocados en brindar bienestar social a la poblaci\u00f3n [&hellip;]<\/p>\n","protected":false},"author":28,"featured_media":5847,"comment_status":"open","ping_status":"open","sticky":false,"template":"","format":"standard","meta":{"footnotes":""},"categories":[1],"tags":[42,54,24,45],"class_list":["post-5846","post","type-post","status-publish","format-standard","has-post-thumbnail","hentry","category-noticias","tag-agua-potable","tag-hidrobolivar","tag-pueblo-trabajador-del-agua","tag-regionales"],"_links":{"self":[{"href":"https:\/\/minaguas.gob.ve\/index.php?rest_route=\/wp\/v2\/posts\/5846","targetHints":{"allow":["GET"]}}],"collection":[{"href":"https:\/\/minaguas.gob.ve\/index.php?rest_route=\/wp\/v2\/posts"}],"about":[{"href":"https:\/\/minaguas.gob.ve\/index.php?rest_route=\/wp\/v2\/types\/post"}],"author":[{"embeddable":true,"href":"https:\/\/minaguas.gob.ve\/index.php?rest_route=\/wp\/v2\/users\/28"}],"replies":[{"embeddable":true,"href":"https:\/\/minaguas.gob.ve\/index.php?rest_route=%2Fwp%2Fv2%2Fcomments&post=5846"}],"version-history":[{"count":0,"href":"https:\/\/minaguas.gob.ve\/index.php?rest_route=\/wp\/v2\/posts\/5846\/revisions"}],"wp:featuredmedia":[{"embeddable":true,"href":"https:\/\/minaguas.gob.ve\/index.php?rest_route=\/wp\/v2\/media\/5847"}],"wp:attachment":[{"href":"https:\/\/minaguas.gob.ve\/index.php?rest_route=%2Fwp%2Fv2%2Fmedia&parent=5846"}],"wp:term":[{"taxonomy":"category","embeddable":true,"href":"https:\/\/minaguas.gob.ve\/index.php?rest_route=%2Fwp%2Fv2%2Fcategories&post=5846"},{"taxonomy":"post_tag","embeddable":true,"href":"https:\/\/minaguas.gob.ve\/index.php?rest_route=%2Fwp%2Fv2%2Ftags&post=5846"}],"curies":[{"name":"wp","href":"https:\/\/api.w.org\/{rel}","templated":true}]}}