{"id":5731,"date":"2023-06-28T10:37:31","date_gmt":"2023-06-28T14:37:31","guid":{"rendered":"https:\/\/minaguas.gob.ve\/?p=5731"},"modified":"2023-06-28T10:37:31","modified_gmt":"2023-06-28T14:37:31","slug":"hidroamazonas-instalo-equipos-de-bombeo-en-el-eje-carretero-norte-de-amazonas","status":"publish","type":"post","link":"https:\/\/minaguas.gob.ve\/?p=5731","title":{"rendered":"Hidroamazonas instal\u00f3 equipos de bombeo en el Eje Carretero Norte de Amazonas"},"content":{"rendered":"<div class=\"wp-block-image\">\n<figure class=\"aligncenter size-full\"><img loading=\"lazy\" decoding=\"async\" width=\"996\" height=\"460\" src=\"https:\/\/minaguas.gob.ve\/wp-content\/uploads\/2023\/06\/IMG-20230618-WA0107.jpg\" alt=\"\" class=\"wp-image-5732\" srcset=\"https:\/\/minaguas.gob.ve\/wp-content\/uploads\/2023\/06\/IMG-20230618-WA0107.jpg 996w, https:\/\/minaguas.gob.ve\/wp-content\/uploads\/2023\/06\/IMG-20230618-WA0107-300x139.jpg 300w, https:\/\/minaguas.gob.ve\/wp-content\/uploads\/2023\/06\/IMG-20230618-WA0107-768x355.jpg 768w\" sizes=\"auto, (max-width: 996px) 100vw, 996px\" \/><\/figure>\n<\/div>\n\n\n<p><\/p>\n\n\n\n<p><strong>(Prensa MinAguas\/Hidroamazonas 28-06-2023).- <\/strong>El Ministerio del Popular de Atenci\u00f3n de las Aguas a trav\u00e9s de la hidrol\u00f3gica de Amazonas (Hidroamazonas) avanz\u00f3 en la reactivaci\u00f3n de los acueductos de las comunidades ind\u00edgenas de la entidad, con la instalaci\u00f3n de equipos el\u00e9ctricos de bombeo en cuatro localidades ubicadas en el Eje Carretero Norte.<\/p>\n\n\n\n<p>As\u00ed lo dio a conocer Andreina Sequera presidenta del ente h\u00eddrico, quien explic\u00f3 que esta reactivaci\u00f3n consisti\u00f3 en la instalaci\u00f3n de equipos el\u00e9ctricos en acueductos que operaban de forma mec\u00e1nica.<\/p>\n\n\n\n<p>Adem\u00e1s, se\u00f1al\u00f3 que m\u00e1s de 500 habitantes de las comunidades Bamb\u00fa Lucera, Puerto Lucera, Monte Rey y Provincial, fueron beneficiados con la distribuci\u00f3n de agua potable.<\/p>\n\n\n\n<p>Destac\u00f3 que se realiz\u00f3 la instalaci\u00f3n de equipos en la Cl\u00ednica del Ojo ubicada en Provincial, municipio Atures, en beneficio de los habitantes de esta comunidad.<\/p>\n\n\n\n<p>De esta manera, Hidroamazonas en trabajo articulado entre Corpoelec y la Gobernaci\u00f3n cumplen los lineamentos del presidente de la Rep\u00fablica Nicol\u00e1s Maduro Moros, y el ministro G\/D Rodolfo Marco Torres, en pro del bienestar del pueblo venezolano.<\/p>\n\n\n\n<figure class=\"wp-block-gallery has-nested-images columns-default is-cropped wp-block-gallery-1 is-layout-flex wp-block-gallery-is-layout-flex\">\n<figure class=\"wp-block-image size-large\"><img loading=\"lazy\" decoding=\"async\" width=\"460\" height=\"829\" data-id=\"5733\" src=\"https:\/\/minaguas.gob.ve\/wp-content\/uploads\/2023\/06\/WhatsApp-Image-2023-06-28-at-10.35.49-AM.jpeg\" alt=\"\" class=\"wp-image-5733\" srcset=\"https:\/\/minaguas.gob.ve\/wp-content\/uploads\/2023\/06\/WhatsApp-Image-2023-06-28-at-10.35.49-AM.jpeg 460w, https:\/\/minaguas.gob.ve\/wp-content\/uploads\/2023\/06\/WhatsApp-Image-2023-06-28-at-10.35.49-AM-166x300.jpeg 166w\" sizes=\"auto, (max-width: 460px) 100vw, 460px\" \/><\/figure>\n\n\n\n<figure class=\"wp-block-image size-large\"><img loading=\"lazy\" decoding=\"async\" width=\"485\" height=\"771\" data-id=\"5734\" src=\"https:\/\/minaguas.gob.ve\/wp-content\/uploads\/2023\/06\/WhatsApp-Image-2023-06-28-at-10.35.29-AM.jpeg\" alt=\"\" class=\"wp-image-5734\" srcset=\"https:\/\/minaguas.gob.ve\/wp-content\/uploads\/2023\/06\/WhatsApp-Image-2023-06-28-at-10.35.29-AM.jpeg 485w, https:\/\/minaguas.gob.ve\/wp-content\/uploads\/2023\/06\/WhatsApp-Image-2023-06-28-at-10.35.29-AM-189x300.jpeg 189w\" sizes=\"auto, (max-width: 485px) 100vw, 485px\" \/><\/figure>\n<\/figure>\n","protected":false},"excerpt":{"rendered":"<p>(Prensa MinAguas\/Hidroamazonas 28-06-2023).- El Ministerio del Popular de Atenci\u00f3n de las Aguas a trav\u00e9s de la hidrol\u00f3gica de Amazonas (Hidroamazonas) avanz\u00f3 en la reactivaci\u00f3n de los acueductos de las comunidades ind\u00edgenas de la entidad, con la instalaci\u00f3n de equipos el\u00e9ctricos de bombeo en cuatro localidades ubicadas en el Eje Carretero Norte. As\u00ed lo dio a [&hellip;]<\/p>\n","protected":false},"author":28,"featured_media":5732,"comment_status":"open","ping_status":"open","sticky":false,"template":"","format":"standard","meta":{"footnotes":""},"categories":[1],"tags":[65,24,45],"class_list":["post-5731","post","type-post","status-publish","format-standard","has-post-thumbnail","hentry","category-noticias","tag-hidroamazonas","tag-pueblo-trabajador-del-agua","tag-regionales"],"_links":{"self":[{"href":"https:\/\/minaguas.gob.ve\/index.php?rest_route=\/wp\/v2\/posts\/5731","targetHints":{"allow":["GET"]}}],"collection":[{"href":"https:\/\/minaguas.gob.ve\/index.php?rest_route=\/wp\/v2\/posts"}],"about":[{"href":"https:\/\/minaguas.gob.ve\/index.php?rest_route=\/wp\/v2\/types\/post"}],"author":[{"embeddable":true,"href":"https:\/\/minaguas.gob.ve\/index.php?rest_route=\/wp\/v2\/users\/28"}],"replies":[{"embeddable":true,"href":"https:\/\/minaguas.gob.ve\/index.php?rest_route=%2Fwp%2Fv2%2Fcomments&post=5731"}],"version-history":[{"count":0,"href":"https:\/\/minaguas.gob.ve\/index.php?rest_route=\/wp\/v2\/posts\/5731\/revisions"}],"wp:featuredmedia":[{"embeddable":true,"href":"https:\/\/minaguas.gob.ve\/index.php?rest_route=\/wp\/v2\/media\/5732"}],"wp:attachment":[{"href":"https:\/\/minaguas.gob.ve\/index.php?rest_route=%2Fwp%2Fv2%2Fmedia&parent=5731"}],"wp:term":[{"taxonomy":"category","embeddable":true,"href":"https:\/\/minaguas.gob.ve\/index.php?rest_route=%2Fwp%2Fv2%2Fcategories&post=5731"},{"taxonomy":"post_tag","embeddable":true,"href":"https:\/\/minaguas.gob.ve\/index.php?rest_route=%2Fwp%2Fv2%2Ftags&post=5731"}],"curies":[{"name":"wp","href":"https:\/\/api.w.org\/{rel}","templated":true}]}}