{"id":5712,"date":"2023-06-22T12:49:34","date_gmt":"2023-06-22T16:49:34","guid":{"rendered":"https:\/\/minaguas.gob.ve\/?p=5712"},"modified":"2023-06-22T12:49:34","modified_gmt":"2023-06-22T16:49:34","slug":"aguas-de-monagas-inicio-reemplazo-de-tuberia-de-agua-potable-en-maturin","status":"publish","type":"post","link":"https:\/\/minaguas.gob.ve\/?p=5712","title":{"rendered":"Aguas de Monagas inici\u00f3 reemplazo de tuber\u00eda de agua potable en Matur\u00edn"},"content":{"rendered":"<div class=\"wp-block-image\">\n<figure class=\"aligncenter size-large\"><img loading=\"lazy\" decoding=\"async\" width=\"1024\" height=\"682\" src=\"https:\/\/minaguas.gob.ve\/wp-content\/uploads\/2023\/06\/WhatsApp-Image-2023-06-21-at-2.51.57-PM-1-1024x682.jpeg\" alt=\"\" class=\"wp-image-5713\" srcset=\"https:\/\/minaguas.gob.ve\/wp-content\/uploads\/2023\/06\/WhatsApp-Image-2023-06-21-at-2.51.57-PM-1-1024x682.jpeg 1024w, https:\/\/minaguas.gob.ve\/wp-content\/uploads\/2023\/06\/WhatsApp-Image-2023-06-21-at-2.51.57-PM-1-300x200.jpeg 300w, https:\/\/minaguas.gob.ve\/wp-content\/uploads\/2023\/06\/WhatsApp-Image-2023-06-21-at-2.51.57-PM-1-768x512.jpeg 768w, https:\/\/minaguas.gob.ve\/wp-content\/uploads\/2023\/06\/WhatsApp-Image-2023-06-21-at-2.51.57-PM-1-1536x1023.jpeg 1536w, https:\/\/minaguas.gob.ve\/wp-content\/uploads\/2023\/06\/WhatsApp-Image-2023-06-21-at-2.51.57-PM-1.jpeg 1600w\" sizes=\"auto, (max-width: 1024px) 100vw, 1024px\" \/><\/figure>\n<\/div>\n\n\n<p><\/p>\n\n\n\n<p><strong>(MinAguas \/ Aguas de Monagas 21-06-2023)<\/strong>. \u2013 La fuerza trabajadora del agua inici\u00f3 labores de reemplazo de 120 metros de tuber\u00eda de 48 pulgadas de agua potable en el acueducto Amana-Matur\u00edn, en el tramo ubicado en la entrada de Alto Paramaconi de la avenida Bella Vista, estado Monagas.<\/p>\n\n\n\n<p>La informaci\u00f3n la dio a conocer el presidente de Aguas de Monagas, Beltr\u00e1n L\u00f3pez quien detall\u00f3 que los trabajos son ejecutados de manera conjunta entre PDVSA, MinAguas y el gobierno regional.<\/p>\n\n\n\n<p>Explic\u00f3 que \u00abactualmente la tuber\u00eda existente presenta varias fugas considerables de agua, aproximadamente unos 150 litros por segundos se est\u00e1n perdiendo y causando da\u00f1os a la vialidad. Estos litros ser\u00e1n recuperados y suministrados al acueducto\u201d agreg\u00f3.<\/p>\n\n\n\n<p><strong>Inspecciones<\/strong><\/p>\n\n\n\n<p>L\u00f3pez tambi\u00e9n anunci\u00f3 que retomar\u00e1n las inspecciones en toda la aducci\u00f3n Amana-Matur\u00edn para la eliminaci\u00f3n de las tomas ilegales conectadas a la tuber\u00eda de 48 pulgadas.<\/p>\n\n\n\n<p>\u201cEl a\u00f1o pasado eliminamos m\u00e1s de 400 tomas que no cumpl\u00edan con los di\u00e1metros establecidos de cuatro, seis, ocho y hasta 12 pulgadas. En las comunidades colocamos conexiones de media y una, mientras que entregamos notificaciones a productores agr\u00edcolas que ten\u00edan tomas m\u00e1s grandes de las permitidas\u201d, puntualiz\u00f3.<\/p>\n\n\n\n<p>Esta obra permitir\u00e1 mejorar la distribuci\u00f3n del vital l\u00edquido en los sectores de la zona alta de Matur\u00edn, gracias a la importante inversi\u00f3n que realiza el gobierno bolivariano para garantizar bienestar a la poblaci\u00f3n.<\/p>\n\n\n\n<figure class=\"wp-block-gallery has-nested-images columns-default is-cropped wp-block-gallery-1 is-layout-flex wp-block-gallery-is-layout-flex\">\n<figure class=\"wp-block-image size-large\"><img loading=\"lazy\" decoding=\"async\" width=\"1024\" height=\"682\" data-id=\"5714\" src=\"https:\/\/minaguas.gob.ve\/wp-content\/uploads\/2023\/06\/WhatsApp-Image-2023-06-21-at-2.51.57-PM-2-1024x682.jpeg\" alt=\"\" class=\"wp-image-5714\" srcset=\"https:\/\/minaguas.gob.ve\/wp-content\/uploads\/2023\/06\/WhatsApp-Image-2023-06-21-at-2.51.57-PM-2-1024x682.jpeg 1024w, https:\/\/minaguas.gob.ve\/wp-content\/uploads\/2023\/06\/WhatsApp-Image-2023-06-21-at-2.51.57-PM-2-300x200.jpeg 300w, https:\/\/minaguas.gob.ve\/wp-content\/uploads\/2023\/06\/WhatsApp-Image-2023-06-21-at-2.51.57-PM-2-768x512.jpeg 768w, https:\/\/minaguas.gob.ve\/wp-content\/uploads\/2023\/06\/WhatsApp-Image-2023-06-21-at-2.51.57-PM-2-1536x1023.jpeg 1536w, https:\/\/minaguas.gob.ve\/wp-content\/uploads\/2023\/06\/WhatsApp-Image-2023-06-21-at-2.51.57-PM-2.jpeg 1600w\" sizes=\"auto, (max-width: 1024px) 100vw, 1024px\" \/><\/figure>\n\n\n\n<figure class=\"wp-block-image size-large\"><img loading=\"lazy\" decoding=\"async\" width=\"1024\" height=\"682\" data-id=\"5715\" src=\"https:\/\/minaguas.gob.ve\/wp-content\/uploads\/2023\/06\/WhatsApp-Image-2023-06-21-at-2.51.57-PM-1024x682.jpeg\" alt=\"\" class=\"wp-image-5715\" srcset=\"https:\/\/minaguas.gob.ve\/wp-content\/uploads\/2023\/06\/WhatsApp-Image-2023-06-21-at-2.51.57-PM-1024x682.jpeg 1024w, https:\/\/minaguas.gob.ve\/wp-content\/uploads\/2023\/06\/WhatsApp-Image-2023-06-21-at-2.51.57-PM-300x200.jpeg 300w, https:\/\/minaguas.gob.ve\/wp-content\/uploads\/2023\/06\/WhatsApp-Image-2023-06-21-at-2.51.57-PM-768x512.jpeg 768w, https:\/\/minaguas.gob.ve\/wp-content\/uploads\/2023\/06\/WhatsApp-Image-2023-06-21-at-2.51.57-PM-1536x1023.jpeg 1536w, https:\/\/minaguas.gob.ve\/wp-content\/uploads\/2023\/06\/WhatsApp-Image-2023-06-21-at-2.51.57-PM.jpeg 1600w\" sizes=\"auto, (max-width: 1024px) 100vw, 1024px\" \/><\/figure>\n\n\n\n<figure class=\"wp-block-image size-large\"><img loading=\"lazy\" decoding=\"async\" width=\"1024\" height=\"682\" data-id=\"5716\" src=\"https:\/\/minaguas.gob.ve\/wp-content\/uploads\/2023\/06\/WhatsApp-Image-2023-06-21-at-2.51.58-PM-1024x682.jpeg\" alt=\"\" class=\"wp-image-5716\" srcset=\"https:\/\/minaguas.gob.ve\/wp-content\/uploads\/2023\/06\/WhatsApp-Image-2023-06-21-at-2.51.58-PM-1024x682.jpeg 1024w, https:\/\/minaguas.gob.ve\/wp-content\/uploads\/2023\/06\/WhatsApp-Image-2023-06-21-at-2.51.58-PM-300x200.jpeg 300w, https:\/\/minaguas.gob.ve\/wp-content\/uploads\/2023\/06\/WhatsApp-Image-2023-06-21-at-2.51.58-PM-768x512.jpeg 768w, https:\/\/minaguas.gob.ve\/wp-content\/uploads\/2023\/06\/WhatsApp-Image-2023-06-21-at-2.51.58-PM-1536x1023.jpeg 1536w, https:\/\/minaguas.gob.ve\/wp-content\/uploads\/2023\/06\/WhatsApp-Image-2023-06-21-at-2.51.58-PM.jpeg 1600w\" sizes=\"auto, (max-width: 1024px) 100vw, 1024px\" \/><\/figure>\n<\/figure>\n","protected":false},"excerpt":{"rendered":"<p>(MinAguas \/ Aguas de Monagas 21-06-2023). \u2013 La fuerza trabajadora del agua inici\u00f3 labores de reemplazo de 120 metros de tuber\u00eda de 48 pulgadas de agua potable en el acueducto Amana-Matur\u00edn, en el tramo ubicado en la entrada de Alto Paramaconi de la avenida Bella Vista, estado Monagas. La informaci\u00f3n la dio a conocer el [&hellip;]<\/p>\n","protected":false},"author":28,"featured_media":5713,"comment_status":"open","ping_status":"open","sticky":false,"template":"","format":"standard","meta":{"footnotes":""},"categories":[1],"tags":[],"class_list":["post-5712","post","type-post","status-publish","format-standard","has-post-thumbnail","hentry","category-noticias"],"_links":{"self":[{"href":"https:\/\/minaguas.gob.ve\/index.php?rest_route=\/wp\/v2\/posts\/5712","targetHints":{"allow":["GET"]}}],"collection":[{"href":"https:\/\/minaguas.gob.ve\/index.php?rest_route=\/wp\/v2\/posts"}],"about":[{"href":"https:\/\/minaguas.gob.ve\/index.php?rest_route=\/wp\/v2\/types\/post"}],"author":[{"embeddable":true,"href":"https:\/\/minaguas.gob.ve\/index.php?rest_route=\/wp\/v2\/users\/28"}],"replies":[{"embeddable":true,"href":"https:\/\/minaguas.gob.ve\/index.php?rest_route=%2Fwp%2Fv2%2Fcomments&post=5712"}],"version-history":[{"count":0,"href":"https:\/\/minaguas.gob.ve\/index.php?rest_route=\/wp\/v2\/posts\/5712\/revisions"}],"wp:featuredmedia":[{"embeddable":true,"href":"https:\/\/minaguas.gob.ve\/index.php?rest_route=\/wp\/v2\/media\/5713"}],"wp:attachment":[{"href":"https:\/\/minaguas.gob.ve\/index.php?rest_route=%2Fwp%2Fv2%2Fmedia&parent=5712"}],"wp:term":[{"taxonomy":"category","embeddable":true,"href":"https:\/\/minaguas.gob.ve\/index.php?rest_route=%2Fwp%2Fv2%2Fcategories&post=5712"},{"taxonomy":"post_tag","embeddable":true,"href":"https:\/\/minaguas.gob.ve\/index.php?rest_route=%2Fwp%2Fv2%2Ftags&post=5712"}],"curies":[{"name":"wp","href":"https:\/\/api.w.org\/{rel}","templated":true}]}}